{"id":353,"date":"2025-07-11T09:49:42","date_gmt":"2025-07-11T09:49:42","guid":{"rendered":"https:\/\/blog.iomft.ro\/?p=353"},"modified":"2025-12-01T08:14:23","modified_gmt":"2025-12-01T08:14:23","slug":"sufocarea-in-somn-sau-apneea-obstructiva-la-copii-un-simptom-cu-cauze-si-un-impact-complexe-asupra-dezvoltarii-viitorului-adult","status":"publish","type":"post","link":"https:\/\/blog.iomft.ro\/index.php\/2025\/07\/11\/sufocarea-in-somn-sau-apneea-obstructiva-la-copii-un-simptom-cu-cauze-si-un-impact-complexe-asupra-dezvoltarii-viitorului-adult\/","title":{"rendered":"Sufocarea \u00een somn sau apneea obstructiv\u0103 la copii, un simptom cu cauze \u0219i un impact complexe asupra dezvolt\u0103rii viitorului adult."},"content":{"rendered":"\n<p><strong>Sufocarea sau apneea obstructiv\u0103 la copii: cum o recuno\u0219ti \u0219i ce solu\u021bii exist\u0103<\/strong><\/p>\n\n\n\n<p><strong>Ce este apneea de somn?<\/strong><\/p>\n\n\n\n<p>Apneea de somn reprezint\u0103 o \u00eentrerupere temporar\u0103 a respira\u021biei \u00een timpul somnului, cauzat\u0103 de obstruc\u021bia c\u0103ilor aeriene superioare. In cazul acestor simptome, respiratia se intrerupe si se reia, repetitiv, pe parcursul somnului, fara ca pacientul sa se trezeasca.<\/p>\n\n\n\n<figure class=\"wp-block-gallery has-nested-images columns-default is-cropped wp-block-gallery-1 is-layout-flex wp-block-gallery-is-layout-flex\">\n<figure class=\"wp-block-image size-large\"><img loading=\"lazy\" decoding=\"async\" width=\"900\" height=\"525\" data-id=\"460\" src=\"https:\/\/blog.iomft.ro\/wp-content\/uploads\/2025\/07\/poze-canva-15-900x525.png\" alt=\"\" class=\"wp-image-460\" srcset=\"https:\/\/blog.iomft.ro\/wp-content\/uploads\/2025\/07\/poze-canva-15-900x525.png 900w, https:\/\/blog.iomft.ro\/wp-content\/uploads\/2025\/07\/poze-canva-15-510x297.png 510w, https:\/\/blog.iomft.ro\/wp-content\/uploads\/2025\/07\/poze-canva-15-768x448.png 768w, https:\/\/blog.iomft.ro\/wp-content\/uploads\/2025\/07\/poze-canva-15-1536x895.png 1536w, https:\/\/blog.iomft.ro\/wp-content\/uploads\/2025\/07\/poze-canva-15-2048x1194.png 2048w\" sizes=\"auto, (max-width: 900px) 100vw, 900px\" \/><\/figure>\n<\/figure>\n\n\n\n<p>La copii, aceast\u0103 afec\u021biune este adesea subdiagnosticat\u0103, deoarece mul\u021bi p\u0103rin\u021bi nu recunosc semnalele de alarm\u0103. \u00cen mod normal, copilul trebuie s\u0103 respire u\u0219or \u0219i silen\u021bios, cu gura \u00eenchis\u0103, asigur\u00e2nd o oxigenare optim\u0103. \u00cen cazul apneei obstructive, mu\u0219chii g\u00e2tului \u0219i ai palatului moale se relaxeaz\u0103 excesiv, bloc\u00e2nd par\u021bial sau total trecerea aerului. Aceast\u0103 pauz\u0103 \u00een respira\u021bie poate dura c\u00e2teva secunde, \u00eenainte ca organismul s\u0103 reac\u021bioneze printr-o inspira\u021bie brusc\u0103, uneori \u00eenso\u021bit\u0103 de un oftat sau un sfor\u0103it.<\/p>\n\n\n\n<p>Popular, mai este asociata cu sforaitul sau sufocarea in somn, situatii care, de multe ori, sunt trecute cu vederea ca ceva accidental sau trecator de multe ori considerat nepericulos, care nu merita atentia parintilor. Nimic mai gresit.<\/p>\n\n\n\n<figure class=\"wp-block-gallery has-nested-images columns-default is-cropped wp-block-gallery-2 is-layout-flex wp-block-gallery-is-layout-flex\">\n<figure class=\"wp-block-image size-large\"><img loading=\"lazy\" decoding=\"async\" width=\"624\" height=\"353\" data-id=\"354\" src=\"https:\/\/blog.iomft.ro\/wp-content\/uploads\/2025\/07\/sufocarea-in-somn.png\" alt=\"\" class=\"wp-image-354\" srcset=\"https:\/\/blog.iomft.ro\/wp-content\/uploads\/2025\/07\/sufocarea-in-somn.png 624w, https:\/\/blog.iomft.ro\/wp-content\/uploads\/2025\/07\/sufocarea-in-somn-510x289.png 510w\" sizes=\"auto, (max-width: 624px) 100vw, 624px\" \/><\/figure>\n<\/figure>\n\n\n\n<h3 class=\"wp-block-heading\"><strong>Importan\u021ba sindromului apneei \u00een dezvoltarea copilului \u0219i adolescentului<\/strong><\/h3>\n\n\n\n<p>Apneea de somn la copii nu este doar un \u201eepisod respirator\u201d izolat, ci poate avea consecin\u021be semnificative asupra cre\u0219terii \u0219i dezvolt\u0103rii lor. Oxigenarea este esen\u021bial\u0103 pentru func\u021bionarea optim\u0103 a tuturor organelor, \u00een special a creierului, care la r\u00e2ndul s\u0103u coordoneaz\u0103 procesele de \u00eenv\u0103\u021bare, memorie \u0219i comportament. Un copil care experimenteaz\u0103 episoade repetate de apnee poate avea un somn fragmentat, ceea ce influen\u021beaz\u0103 eliberarea hormonilor de cre\u0219tere \u0219i reglarea emo\u021bional\u0103. \u00cen plus, apneea poate determina copilul s\u0103 adopte obiceiul de respira\u021bie pe gur\u0103, fapt ce influen\u021beaz\u0103 s\u0103n\u0103tatea oral\u0103 \u0219i postura, av\u00e2nd efecte pe termen lung asupra dezvolt\u0103rii armonioase.<\/p>\n\n\n\n<p>In concluzie, respiratia corecta si neobstructionata are o importanta fundamentala in:<\/p>\n\n\n\n<ul class=\"wp-block-list\">\n<li>Odihna copilului si efectul regenerator al somnului odihnitor<\/li>\n\n\n\n<li>Realizarea conditiilor esentiale de crestere sanatoasa, fizica si emotionala<\/li>\n\n\n\n<li>Deprinderea si mentinerea unei respiratii nazale sanatoase<\/li>\n<\/ul>\n\n\n\n<p>Obtinerea unei sanatati ORL optime<\/p>\n\n\n\n<figure class=\"wp-block-gallery has-nested-images columns-default is-cropped wp-block-gallery-3 is-layout-flex wp-block-gallery-is-layout-flex\">\n<figure class=\"wp-block-image size-large\"><img loading=\"lazy\" decoding=\"async\" width=\"900\" height=\"680\" data-id=\"453\" src=\"https:\/\/blog.iomft.ro\/wp-content\/uploads\/2025\/07\/plansa-1-900x680.png\" alt=\"\" class=\"wp-image-453\" srcset=\"https:\/\/blog.iomft.ro\/wp-content\/uploads\/2025\/07\/plansa-1-900x680.png 900w, https:\/\/blog.iomft.ro\/wp-content\/uploads\/2025\/07\/plansa-1-510x386.png 510w, https:\/\/blog.iomft.ro\/wp-content\/uploads\/2025\/07\/plansa-1-768x581.png 768w, https:\/\/blog.iomft.ro\/wp-content\/uploads\/2025\/07\/plansa-1-1536x1161.png 1536w, https:\/\/blog.iomft.ro\/wp-content\/uploads\/2025\/07\/plansa-1.png 1868w\" sizes=\"auto, (max-width: 900px) 100vw, 900px\" \/><\/figure>\n<\/figure>\n\n\n\n<p><em><br><\/em><strong>Efectele apneei de somn asupra dezvolt\u0103rii copilului<\/strong><\/p>\n\n\n\n<p>Atunci c\u00e2nd un copil are apnee de somn, ciclurile normale ale somnului (REM \u0219i non-REM) sunt constant perturbate. Fiecare pauz\u0103 respiratorie produce o mic\u0103 trezire, chiar dac\u0103 nu \u00eentotdeauna vizibil\u0103. Astfel, somnul profund devine din ce \u00een ce mai fragmentat, iar copilul se poate trezi diminea\u021ba obosit, de\u0219i pare c\u0103 a dormit suficiente ore.<br>Lipsa somnului odihnitor se reflect\u0103 imediat \u00een comportament \u0219i performan\u021b\u0103. Pe termen scurt, copilul poate prezenta iritabilitate, hiperactivitate sau dificult\u0103\u021bi de concentrare. Pe termen lung, episoadele frecvente de apnee pot influen\u021ba secre\u021bia hormonilor de cre\u0219tere, pun\u00e2nd \u00een pericol dezvoltarea fizic\u0103.<br>Mai mult, respira\u021bia pe gur\u0103 asociat\u0103 cu apneea poate determina modific\u0103ri faciale: maxilare \u00eenguste, arcade dentare str\u00e2mte, fa\u021b\u0103 alungit\u0103 \u0219i postur\u0103 incorect\u0103 a capului. Pot ap\u0103rea, de asemenea, tulbur\u0103ri ORL repetate, cum ar fi otite \u0219i amigdalite, din cauza cantit\u0103\u021bii mari de aer nefiltrat care intr\u0103 direct \u00een c\u0103ile respiratorii.<br>\u00cen cele din urm\u0103, un copil care doarme agitat \u0219i are apnee devine mai vulnerabil la probleme emo\u021bionale \u0219i de comportament. Depistarea timpurie \u0219i tratamentul adecvat pot preveni multe dintre aceste complica\u021bii \u0219i pot asigura un mediu propice pentru cre\u0219terea \u0219i dezvoltarea echilibrat\u0103.<\/p>\n\n\n\n<figure class=\"wp-block-gallery has-nested-images columns-default is-cropped wp-block-gallery-4 is-layout-flex wp-block-gallery-is-layout-flex\">\n<figure class=\"wp-block-image size-large\"><img loading=\"lazy\" decoding=\"async\" width=\"900\" height=\"633\" data-id=\"454\" src=\"https:\/\/blog.iomft.ro\/wp-content\/uploads\/2025\/07\/poze-canva-12-900x633.png\" alt=\"\" class=\"wp-image-454\" srcset=\"https:\/\/blog.iomft.ro\/wp-content\/uploads\/2025\/07\/poze-canva-12-900x633.png 900w, https:\/\/blog.iomft.ro\/wp-content\/uploads\/2025\/07\/poze-canva-12-510x358.png 510w, https:\/\/blog.iomft.ro\/wp-content\/uploads\/2025\/07\/poze-canva-12-768x540.png 768w, https:\/\/blog.iomft.ro\/wp-content\/uploads\/2025\/07\/poze-canva-12-1536x1080.png 1536w, https:\/\/blog.iomft.ro\/wp-content\/uploads\/2025\/07\/poze-canva-12.png 1972w\" sizes=\"auto, (max-width: 900px) 100vw, 900px\" \/><\/figure>\n<\/figure>\n\n\n\n<p><strong>Principalele leg\u0103turi \u00eentre o respira\u021bie deficitar\u0103 \u00een timpul somnului (apnee obstructiv\u0103) \u0219i alte func\u021bii adiacente<\/strong><em><br><br><\/em>Apneea obstructiv\u0103 de somn nu se rezum\u0103 doar la discontinuit\u0103\u021bi respiratorii pe timpul nop\u021bii, ci influen\u021beaz\u0103 o serie de alte procese \u0219i func\u021bii:<\/p>\n\n\n\n<ul class=\"wp-block-list\">\n<li><strong>Comportamentul \u0219i reglarea emo\u021bional\u0103<\/strong>: Un copil obosit poate deveni iritabil, anxios sau hiperactiv, ceea ce afecteaz\u0103 rela\u021biile sociale \u0219i via\u021ba de familie.<\/li>\n<\/ul>\n\n\n\n<ul class=\"wp-block-list\">\n<li><strong>Postura \u0219i dezvoltarea craniofacial\u0103<\/strong>: C\u00e2nd copilul respir\u0103 pe gur\u0103, apare tendin\u021ba de a \u021bine b\u0103rbia \u0219i g\u00e2tul \u00eentr-o pozi\u021bie for\u021bat\u0103, ceea ce afecteaz\u0103 oasele fe\u021bei \u0219i arcada dentar\u0103.<\/li>\n<\/ul>\n\n\n\n<ul class=\"wp-block-list\">\n<li><strong>Performan\u021bele cognitive \u0219i \u0219colare<\/strong>: Un somn insuficient \u0219i neodihnitor poate duce la dificult\u0103\u021bi de aten\u021bie, memorie \u0219i chiar hiperactivitate.<\/li>\n<\/ul>\n\n\n\n<ul class=\"wp-block-list\">\n<li><strong>Sistemul imunitar<\/strong>: Episoadele repetate de apnee cresc stresul oxidativ \u0219i pot sl\u0103bi imunitatea, favoriz\u00e2nd infec\u021biile frecvente.<\/li>\n<\/ul>\n\n\n\n<p><strong>De ce apare apneea de somn?<\/strong><\/p>\n\n\n\n<p><em>(Tulbur\u0103rile de somn la copii \u2013 spectrul de tulbur\u0103ri respiratorii, de la respira\u021bia oral\u0103 la apneea obstructiv\u0103) (~100 cuvinte + enumerare)<br><\/em>Apneea obstructiv\u0103 la copii poate avea multiple cauze, cele mai frecvente fiind:<\/p>\n\n\n\n<ol start=\"1\" class=\"wp-block-list\">\n<li><strong>M\u0103rirea amigdalelor \u0219i a vegeta\u021biilor adenoide (polipi)<\/strong> \u2013 Blocheaz\u0103 par\u021bial c\u0103ile respiratorii, facilit\u00e2nd pauzele respiratorii.<\/li>\n\n\n\n<li><strong>Respira\u021bia cronic\u0103 pe gur\u0103<\/strong> \u2013 Un obicei ce \u00eengusteaz\u0103 c\u0103ile nazale \u0219i accentueaz\u0103 problemele de respira\u021bie.<\/li>\n\n\n\n<li><strong>Anomalii anatomice<\/strong> \u2013 Devia\u021bie de sept, maxilare \u00eenguste sau structur\u0103 anormal\u0103 a palatului moale.<\/li>\n\n\n\n<li><strong>Exces ponderal<\/strong> \u2013 Rareori \u00eent\u00e2lnit la copiii mici, dar totu\u0219i un factor care contribuie la obstruc\u021bia c\u0103ilor aeriene.<\/li>\n<\/ol>\n\n\n\n<p><strong>Alergii \u0219i inflama\u021bii cronice<\/strong> \u2013 Rinita alergic\u0103 \u0219i alte inflama\u021bii pot congestiona pasajele nazale, agrav\u00e2nd episoadele de apnee.<\/p>\n\n\n\n<figure class=\"wp-block-gallery has-nested-images columns-default is-cropped wp-block-gallery-5 is-layout-flex wp-block-gallery-is-layout-flex\">\n<figure class=\"wp-block-image size-large\"><img loading=\"lazy\" decoding=\"async\" width=\"900\" height=\"553\" data-id=\"459\" src=\"https:\/\/blog.iomft.ro\/wp-content\/uploads\/2025\/07\/poze-canva-6-900x553.png\" alt=\"\" class=\"wp-image-459\" srcset=\"https:\/\/blog.iomft.ro\/wp-content\/uploads\/2025\/07\/poze-canva-6-900x553.png 900w, https:\/\/blog.iomft.ro\/wp-content\/uploads\/2025\/07\/poze-canva-6-510x313.png 510w, https:\/\/blog.iomft.ro\/wp-content\/uploads\/2025\/07\/poze-canva-6-768x472.png 768w, https:\/\/blog.iomft.ro\/wp-content\/uploads\/2025\/07\/poze-canva-6-1536x944.png 1536w, https:\/\/blog.iomft.ro\/wp-content\/uploads\/2025\/07\/poze-canva-6-2048x1258.png 2048w\" sizes=\"auto, (max-width: 900px) 100vw, 900px\" \/><\/figure>\n<\/figure>\n\n\n\n<p><strong>Cum identific\u0103m dac\u0103 copilul nostru are probleme de respira\u021bie? Semnale de alarm\u0103 noaptea<\/strong><\/p>\n\n\n\n<p>Pentru un p\u0103rinte, primul indiciu poate fi faptul c\u0103 cel mic se treze\u0219te obosit sau adoarme \u00een situa\u021bii neobi\u0219nuite, precum \u00een ma\u0219in\u0103 sau la \u0219coal\u0103. Pe durata nop\u021bii, po\u021bi observa dac\u0103 respir\u0103 greu, sacadat sau dac\u0103 prezint\u0103 pauze \u00een respira\u021bie urmate de un oftat puternic. Alte semnale importante includ:<\/p>\n\n\n\n<ul class=\"wp-block-list\">\n<li><strong>Somn agitat \u0219i transpira\u021bii nocturne<\/strong><\/li>\n\n\n\n<li><strong>Foial\u0103 excesiv\u0103<\/strong>: schimb\u0103ri frecvente de pozi\u021bie \u00een pat<\/li>\n\n\n\n<li><strong>Sfor\u0103it cronic<\/strong> sau scr\u00e2\u0219nit din din\u021bi (bruxism)<\/li>\n\n\n\n<li><strong>Respira\u021bie oral\u0103<\/strong> \u00een mod constant, cu gura deschis\u0103<\/li>\n<\/ul>\n\n\n\n<p><strong>Treziri repetitive<\/strong> \u00een timpul nop\u021bii<br>Dac\u0103 aceste simptome apar deseori, un consult medical de specialitate (ORL, medic pediatru, ortodont) este recomandat. Apneea netratat\u0103 la copii poate cauza dificult\u0103\u021bi de \u00eenv\u0103\u021bare, probleme de comportament \u0219i poate influen\u021ba negativ dezvoltarea fizic\u0103 \u0219i emo\u021bional\u0103.<\/p>\n\n\n\n<p><strong>Chestionarul problemelor de respira\u021bie la copii<\/strong><\/p>\n\n\n\n<p><em>(Chestionarul BEARS)<br><\/em><strong><a href=\"https:\/\/www.iomft.ro\/index.php\/chestionar\/\">Completeaz\u0103 chestionarul<\/a><\/strong> pentru a evalua calitatea somnului \u0219i prezen\u021ba eventualelor episoade de apnee. Acest instrument simplu, dar eficient, \u00ee\u021bi poate oferi o imagine clar\u0103 asupra modului \u00een care copilul t\u0103u doarme \u0219i a posibilelor dificult\u0103\u021bi respiratorii. \u00cen cazul \u00een care rezultatele indic\u0103 probleme, o evaluare suplimentar\u0103 la un specialist devine necesar\u0103.<\/p>\n\n\n\n<figure class=\"wp-block-gallery has-nested-images columns-default is-cropped wp-block-gallery-6 is-layout-flex wp-block-gallery-is-layout-flex\">\n<figure class=\"wp-block-image size-large\"><img loading=\"lazy\" decoding=\"async\" width=\"900\" height=\"506\" data-id=\"456\" src=\"https:\/\/blog.iomft.ro\/wp-content\/uploads\/2025\/07\/poze-canva-16-900x506.png\" alt=\"\" class=\"wp-image-456\" srcset=\"https:\/\/blog.iomft.ro\/wp-content\/uploads\/2025\/07\/poze-canva-16-900x506.png 900w, https:\/\/blog.iomft.ro\/wp-content\/uploads\/2025\/07\/poze-canva-16-510x287.png 510w, https:\/\/blog.iomft.ro\/wp-content\/uploads\/2025\/07\/poze-canva-16-768x432.png 768w, https:\/\/blog.iomft.ro\/wp-content\/uploads\/2025\/07\/poze-canva-16-1536x864.png 1536w, https:\/\/blog.iomft.ro\/wp-content\/uploads\/2025\/07\/poze-canva-16-2048x1152.png 2048w\" sizes=\"auto, (max-width: 900px) 100vw, 900px\" \/><\/figure>\n<\/figure>\n\n\n\n<p><strong>Solu\u021bii: Cum rezolv\u0103m problemele de respira\u021bie?<\/strong><\/p>\n\n\n\n<ol start=\"1\" class=\"wp-block-list\">\n<li><strong>Evaluare ORL<\/strong>: Amigdalele m\u0103rite, polipii sau alte obstacole anatomice pot fi \u00eendep\u0103rtate chirurgical dac\u0103 reprezint\u0103 cauza principal\u0103 a apneei.<\/li>\n\n\n\n<li><strong>Terapie miofunc\u021bional\u0103<\/strong>: Exerci\u021bii de reeducare a musculaturii orofaciale \u0219i a pozi\u021biei limbii, pentru a favoriza respira\u021bia nazal\u0103 \u0219i a stabiliza c\u0103ile aeriene.<\/li>\n\n\n\n<li><strong>Ortodon\u021bie interceptiv\u0103<\/strong>: Dispozitive \u0219i tehnici pentru l\u0103rgirea maxilarului \u0219i optimizarea spa\u021biului respirator, \u00een special \u00een cazul maxilarelor \u00eenguste.<\/li>\n\n\n\n<li><strong>Controlul alergiilor \u0219i igien\u0103 nazal\u0103<\/strong>: Spray-uri saline, tratamentul alergiilor \u0219i evitarea alergenilor pentru a asigura un flux de aer nazal adecvat.<\/li>\n\n\n\n<li><strong>Schimb\u0103ri \u00een stilul de via\u021b\u0103<\/strong>: Program regulat de somn, reducerea zah\u0103rului \u0219i a alimentelor procesate, activitate fizic\u0103 zilnic\u0103.<\/li>\n\n\n\n<li><strong>Monitorizare post-tratament<\/strong>: Este esen\u021bial s\u0103 urm\u0103ri\u021bi progresul copilului dup\u0103 fiecare interven\u021bie pentru a preveni rec\u0103derile.<\/li>\n<\/ol>\n\n\n\n<p><strong>Ce este IOMFT?<\/strong><\/p>\n\n\n\n<p><strong>IOMFT (Institutul de Ortoposturologie \u0219i Terapie Orofacial\u0103 Miofunc\u021bional\u0103 din Rom\u00e2nia)<\/strong> este un centru interdisciplinar dedicat preven\u021biei \u0219i tratamentului tulbur\u0103rilor respiratorii \u0219i miofunc\u021bionale la copii. Prin reunirea speciali\u0219tilor din domenii precum ORL, ortodon\u021bie, terapie miofunc\u021bional\u0103, logopedie, pediatrie, kinetoterapie \u0219i osteopatie, IOMFT promoveaz\u0103 o abordare integrat\u0103 a s\u0103n\u0103t\u0103\u021bii copilului.<br>Scopul principal al institutului este de a oferi solu\u021bii \u0219i educa\u021bie, at\u00e2t p\u0103rin\u021bilor, c\u00e2t \u0219i medicilor, pentru a recunoa\u0219te \u0219i trata din timp apneea de somn \u0219i alte disfunc\u021bii. \u00cen acest fel, IOMFT contribuie la cre\u0219terea copiilor \u00eentr-un mediu propice dezvolt\u0103rii armonioase, evit\u00e2nd complica\u021biile de lung\u0103 durat\u0103 cauzate de problemele de respira\u021bie pe timpul nop\u021bii. Centrul organizeaz\u0103 cursuri, ateliere \u0219i sesiuni de instruire pentru a disemina informa\u021bii actuale \u0219i practici eficiente.<\/p>\n\n\n\n<p><strong>Abordarea IOMFT<\/strong><\/p>\n\n\n\n<p>IOMFT pune accent pe <strong>preven\u021bie<\/strong> \u0219i identificarea semnelor timpurii ale apneei de somn \u0219i ale altor disfunc\u021bii respiratorii. Echipa institutului colaboreaz\u0103 pentru a stabili un plan terapeutic personalizat, adaptat nevoilor fiec\u0103rui copil. Prin evalu\u0103ri complexe (care urm\u0103resc respira\u021bia, postura, istoricul medical \u0219i obiceiurile zilnice), speciali\u0219tii contureaz\u0103 harta complet\u0103 a pacientului \u0219i propun solu\u021bii integrate: de la terapia miofunc\u021bional\u0103 \u0219i ortodon\u021bie interceptiv\u0103, p\u00e2n\u0103 la igien\u0103 nazal\u0103 \u0219i educa\u021bie parental\u0103. Abordarea IOMFT se bazeaz\u0103 pe colaborarea dintre diferite ramuri medicale, av\u00e2nd ca obiectiv final o cre\u0219tere \u0219i dezvoltare echilibrat\u0103 a copiilor.<\/p>\n\n\n\n<p><strong>Procedurile multidisciplinare<\/strong><\/p>\n\n\n\n<p>\u00cen cazul copiilor cu apnee de somn, o singur\u0103 specialitate nu poate acoperi toate aspectele problemei. De aceea, IOMFT reune\u0219te exper\u021bi care s\u0103 colaboreze str\u00e2ns: ORL-i\u0219ti pentru probleme anatomice (polipi, amigdalite), ortodon\u021bi pentru corec\u021bia maxilarului \u0219i alinierea dentar\u0103, terapeu\u021bi miofunc\u021bionali pentru reeducarea respira\u021biei, kinetoterapeu\u021bi \u0219i osteopa\u021bi pentru optimizarea posturii \u0219i, nu \u00een ultimul r\u00e2nd, pediatri \u0219i consultan\u021bi \u00een lacta\u021bie care s\u0103 monitorizeze dezvoltarea copilului. Aceast\u0103 abordare global\u0103 \u0219i integrat\u0103 asigur\u0103 un tratament eficient \u0219i durabil, prevenind posibilele complica\u021bii \u0219i \u00eembun\u0103t\u0103\u021bind calitatea vie\u021bii copiilor cu apnee obstructiv\u0103 de somn.<\/p>\n\n\n\n<p><strong>Ce ai de facut?<\/strong><\/p>\n\n\n\n<p>Suntem al\u0103turi de fiecare p\u0103rinte \u0219i \u00een cadrul acestei platforme vei g\u0103si toate informa\u021biile \u0219i pa\u0219ii pe care \u00eei ai de parcurs pentru a rezolva problemele sau a forma deprinderile s\u0103n\u0103toase ale celui mic.<\/p>\n\n\n\n<p>Primul pas este s\u0103 completezi acest chestionar \u0219i s\u0103 ni-l trimi\u021bi. Acest lucru se va putea face dac\u0103 \u00ee\u021bi vei \u00eenregistra un profil pe platforma noastr\u0103.<\/p>\n\n\n\n<p>\u00cen urma evalu\u0103rii r\u0103spunsurilor tale, te vom contactacta \u0219i \u00ee\u021bi vom prezenta observa\u021bile noastre \u0219i care sunt pa\u0219ii urm\u0103tori.<\/p>\n\n\n\n<p><\/p>\n","protected":false},"excerpt":{"rendered":"<p>Sufocarea sau apneea obstructiv\u0103 la copii: cum o recuno\u0219ti \u0219i ce solu\u021bii exist\u0103 Ce este apneea de somn? Apneea de somn reprezint\u0103 o \u00eentrerupere temporar\u0103 a respira\u021biei \u00een timpul somnului,&#8230;<\/p>\n","protected":false},"author":2,"featured_media":354,"comment_status":"open","ping_status":"open","sticky":false,"template":"","format":"standard","meta":{"_acf_changed":false,"footnotes":""},"categories":[19,18,17],"tags":[],"class_list":["post-353","post","type-post","status-publish","format-standard","has-post-thumbnail","hentry","category-respiratia-orala","category-sforaitul","category-sufocarea"],"acf":[],"yoast_head":"<!-- This site is optimized with the Yoast SEO plugin v24.6 - https:\/\/yoast.com\/wordpress\/plugins\/seo\/ -->\n<title>Sufocarea \u00een somn sau apneea obstructiv\u0103 la copii, un simptom cu cauze \u0219i un impact complexe asupra dezvolt\u0103rii viitorului adult. - Blog IOMFT<\/title>\n<meta name=\"robots\" content=\"noindex, follow, max-snippet:-1, max-image-preview:large, max-video-preview:-1\" \/>\n<meta property=\"og:locale\" content=\"en_US\" \/>\n<meta property=\"og:type\" content=\"article\" \/>\n<meta property=\"og:title\" content=\"Sufocarea \u00een somn sau apneea obstructiv\u0103 la copii, un simptom cu cauze \u0219i un impact complexe asupra dezvolt\u0103rii viitorului adult. - Blog IOMFT\" \/>\n<meta property=\"og:description\" content=\"Sufocarea sau apneea obstructiv\u0103 la copii: cum o recuno\u0219ti \u0219i ce solu\u021bii exist\u0103 Ce este apneea de somn? Apneea de somn reprezint\u0103 o \u00eentrerupere temporar\u0103 a respira\u021biei \u00een timpul somnului,...\" \/>\n<meta property=\"og:url\" content=\"https:\/\/blog.iomft.ro\/index.php\/2025\/07\/11\/sufocarea-in-somn-sau-apneea-obstructiva-la-copii-un-simptom-cu-cauze-si-un-impact-complexe-asupra-dezvoltarii-viitorului-adult\/\" \/>\n<meta property=\"og:site_name\" content=\"Blog IOMFT\" \/>\n<meta property=\"article:published_time\" content=\"2025-07-11T09:49:42+00:00\" \/>\n<meta property=\"article:modified_time\" content=\"2025-12-01T08:14:23+00:00\" \/>\n<meta property=\"og:image\" content=\"https:\/\/blog.iomft.ro\/wp-content\/uploads\/2025\/07\/sufocarea-in-somn.png\" \/>\n\t<meta property=\"og:image:width\" content=\"624\" \/>\n\t<meta property=\"og:image:height\" content=\"353\" \/>\n\t<meta property=\"og:image:type\" content=\"image\/png\" \/>\n<meta name=\"author\" content=\"IOMFT\" \/>\n<meta name=\"twitter:card\" content=\"summary_large_image\" \/>\n<meta name=\"twitter:label1\" content=\"Written by\" \/>\n\t<meta name=\"twitter:data1\" content=\"IOMFT\" \/>\n\t<meta name=\"twitter:label2\" content=\"Est. reading time\" \/>\n\t<meta name=\"twitter:data2\" content=\"8 minutes\" \/>\n<script type=\"application\/ld+json\" class=\"yoast-schema-graph\">{\"@context\":\"https:\/\/schema.org\",\"@graph\":[{\"@type\":\"WebPage\",\"@id\":\"https:\/\/blog.iomft.ro\/index.php\/2025\/07\/11\/sufocarea-in-somn-sau-apneea-obstructiva-la-copii-un-simptom-cu-cauze-si-un-impact-complexe-asupra-dezvoltarii-viitorului-adult\/\",\"url\":\"https:\/\/blog.iomft.ro\/index.php\/2025\/07\/11\/sufocarea-in-somn-sau-apneea-obstructiva-la-copii-un-simptom-cu-cauze-si-un-impact-complexe-asupra-dezvoltarii-viitorului-adult\/\",\"name\":\"Sufocarea \u00een somn sau apneea obstructiv\u0103 la copii, un simptom cu cauze \u0219i un impact complexe asupra dezvolt\u0103rii viitorului adult. - Blog IOMFT\",\"isPartOf\":{\"@id\":\"https:\/\/blog.iomft.ro\/#website\"},\"primaryImageOfPage\":{\"@id\":\"https:\/\/blog.iomft.ro\/index.php\/2025\/07\/11\/sufocarea-in-somn-sau-apneea-obstructiva-la-copii-un-simptom-cu-cauze-si-un-impact-complexe-asupra-dezvoltarii-viitorului-adult\/#primaryimage\"},\"image\":{\"@id\":\"https:\/\/blog.iomft.ro\/index.php\/2025\/07\/11\/sufocarea-in-somn-sau-apneea-obstructiva-la-copii-un-simptom-cu-cauze-si-un-impact-complexe-asupra-dezvoltarii-viitorului-adult\/#primaryimage\"},\"thumbnailUrl\":\"https:\/\/blog.iomft.ro\/wp-content\/uploads\/2025\/07\/sufocarea-in-somn.png\",\"datePublished\":\"2025-07-11T09:49:42+00:00\",\"dateModified\":\"2025-12-01T08:14:23+00:00\",\"author\":{\"@id\":\"https:\/\/blog.iomft.ro\/#\/schema\/person\/882f06c5c17718c7210d2d7730331b90\"},\"breadcrumb\":{\"@id\":\"https:\/\/blog.iomft.ro\/index.php\/2025\/07\/11\/sufocarea-in-somn-sau-apneea-obstructiva-la-copii-un-simptom-cu-cauze-si-un-impact-complexe-asupra-dezvoltarii-viitorului-adult\/#breadcrumb\"},\"inLanguage\":\"en-US\",\"potentialAction\":[{\"@type\":\"ReadAction\",\"target\":[\"https:\/\/blog.iomft.ro\/index.php\/2025\/07\/11\/sufocarea-in-somn-sau-apneea-obstructiva-la-copii-un-simptom-cu-cauze-si-un-impact-complexe-asupra-dezvoltarii-viitorului-adult\/\"]}]},{\"@type\":\"ImageObject\",\"inLanguage\":\"en-US\",\"@id\":\"https:\/\/blog.iomft.ro\/index.php\/2025\/07\/11\/sufocarea-in-somn-sau-apneea-obstructiva-la-copii-un-simptom-cu-cauze-si-un-impact-complexe-asupra-dezvoltarii-viitorului-adult\/#primaryimage\",\"url\":\"https:\/\/blog.iomft.ro\/wp-content\/uploads\/2025\/07\/sufocarea-in-somn.png\",\"contentUrl\":\"https:\/\/blog.iomft.ro\/wp-content\/uploads\/2025\/07\/sufocarea-in-somn.png\",\"width\":624,\"height\":353,\"caption\":\"Ghid practic pentru parinti.\"},{\"@type\":\"BreadcrumbList\",\"@id\":\"https:\/\/blog.iomft.ro\/index.php\/2025\/07\/11\/sufocarea-in-somn-sau-apneea-obstructiva-la-copii-un-simptom-cu-cauze-si-un-impact-complexe-asupra-dezvoltarii-viitorului-adult\/#breadcrumb\",\"itemListElement\":[{\"@type\":\"ListItem\",\"position\":1,\"name\":\"Home\",\"item\":\"https:\/\/blog.iomft.ro\/\"},{\"@type\":\"ListItem\",\"position\":2,\"name\":\"Sufocarea \u00een somn sau apneea obstructiv\u0103 la copii, un simptom cu cauze \u0219i un impact complexe asupra dezvolt\u0103rii viitorului adult.\"}]},{\"@type\":\"WebSite\",\"@id\":\"https:\/\/blog.iomft.ro\/#website\",\"url\":\"https:\/\/blog.iomft.ro\/\",\"name\":\"Blog IOMFT\",\"description\":\"\",\"potentialAction\":[{\"@type\":\"SearchAction\",\"target\":{\"@type\":\"EntryPoint\",\"urlTemplate\":\"https:\/\/blog.iomft.ro\/?s={search_term_string}\"},\"query-input\":{\"@type\":\"PropertyValueSpecification\",\"valueRequired\":true,\"valueName\":\"search_term_string\"}}],\"inLanguage\":\"en-US\"},{\"@type\":\"Person\",\"@id\":\"https:\/\/blog.iomft.ro\/#\/schema\/person\/882f06c5c17718c7210d2d7730331b90\",\"name\":\"IOMFT\",\"image\":{\"@type\":\"ImageObject\",\"inLanguage\":\"en-US\",\"@id\":\"https:\/\/blog.iomft.ro\/#\/schema\/person\/image\/\",\"url\":\"https:\/\/secure.gravatar.com\/avatar\/93e304fb662aa8d502d1ee15d4a7c38e94e42985f08f2852935544bb259713f2?s=96&d=mm&r=g\",\"contentUrl\":\"https:\/\/secure.gravatar.com\/avatar\/93e304fb662aa8d502d1ee15d4a7c38e94e42985f08f2852935544bb259713f2?s=96&d=mm&r=g\",\"caption\":\"IOMFT\"},\"url\":\"https:\/\/blog.iomft.ro\/index.php\/author\/mugur-patrascuscreennative-ro\/\"}]}<\/script>\n<!-- \/ Yoast SEO plugin. -->","yoast_head_json":{"title":"Sufocarea \u00een somn sau apneea obstructiv\u0103 la copii, un simptom cu cauze \u0219i un impact complexe asupra dezvolt\u0103rii viitorului adult. - Blog IOMFT","robots":{"index":"noindex","follow":"follow","max-snippet":"max-snippet:-1","max-image-preview":"max-image-preview:large","max-video-preview":"max-video-preview:-1"},"og_locale":"en_US","og_type":"article","og_title":"Sufocarea \u00een somn sau apneea obstructiv\u0103 la copii, un simptom cu cauze \u0219i un impact complexe asupra dezvolt\u0103rii viitorului adult. - Blog IOMFT","og_description":"Sufocarea sau apneea obstructiv\u0103 la copii: cum o recuno\u0219ti \u0219i ce solu\u021bii exist\u0103 Ce este apneea de somn? Apneea de somn reprezint\u0103 o \u00eentrerupere temporar\u0103 a respira\u021biei \u00een timpul somnului,...","og_url":"https:\/\/blog.iomft.ro\/index.php\/2025\/07\/11\/sufocarea-in-somn-sau-apneea-obstructiva-la-copii-un-simptom-cu-cauze-si-un-impact-complexe-asupra-dezvoltarii-viitorului-adult\/","og_site_name":"Blog IOMFT","article_published_time":"2025-07-11T09:49:42+00:00","article_modified_time":"2025-12-01T08:14:23+00:00","og_image":[{"width":624,"height":353,"url":"https:\/\/blog.iomft.ro\/wp-content\/uploads\/2025\/07\/sufocarea-in-somn.png","type":"image\/png"}],"author":"IOMFT","twitter_card":"summary_large_image","twitter_misc":{"Written by":"IOMFT","Est. reading time":"8 minutes"},"schema":{"@context":"https:\/\/schema.org","@graph":[{"@type":"WebPage","@id":"https:\/\/blog.iomft.ro\/index.php\/2025\/07\/11\/sufocarea-in-somn-sau-apneea-obstructiva-la-copii-un-simptom-cu-cauze-si-un-impact-complexe-asupra-dezvoltarii-viitorului-adult\/","url":"https:\/\/blog.iomft.ro\/index.php\/2025\/07\/11\/sufocarea-in-somn-sau-apneea-obstructiva-la-copii-un-simptom-cu-cauze-si-un-impact-complexe-asupra-dezvoltarii-viitorului-adult\/","name":"Sufocarea \u00een somn sau apneea obstructiv\u0103 la copii, un simptom cu cauze \u0219i un impact complexe asupra dezvolt\u0103rii viitorului adult. - Blog IOMFT","isPartOf":{"@id":"https:\/\/blog.iomft.ro\/#website"},"primaryImageOfPage":{"@id":"https:\/\/blog.iomft.ro\/index.php\/2025\/07\/11\/sufocarea-in-somn-sau-apneea-obstructiva-la-copii-un-simptom-cu-cauze-si-un-impact-complexe-asupra-dezvoltarii-viitorului-adult\/#primaryimage"},"image":{"@id":"https:\/\/blog.iomft.ro\/index.php\/2025\/07\/11\/sufocarea-in-somn-sau-apneea-obstructiva-la-copii-un-simptom-cu-cauze-si-un-impact-complexe-asupra-dezvoltarii-viitorului-adult\/#primaryimage"},"thumbnailUrl":"https:\/\/blog.iomft.ro\/wp-content\/uploads\/2025\/07\/sufocarea-in-somn.png","datePublished":"2025-07-11T09:49:42+00:00","dateModified":"2025-12-01T08:14:23+00:00","author":{"@id":"https:\/\/blog.iomft.ro\/#\/schema\/person\/882f06c5c17718c7210d2d7730331b90"},"breadcrumb":{"@id":"https:\/\/blog.iomft.ro\/index.php\/2025\/07\/11\/sufocarea-in-somn-sau-apneea-obstructiva-la-copii-un-simptom-cu-cauze-si-un-impact-complexe-asupra-dezvoltarii-viitorului-adult\/#breadcrumb"},"inLanguage":"en-US","potentialAction":[{"@type":"ReadAction","target":["https:\/\/blog.iomft.ro\/index.php\/2025\/07\/11\/sufocarea-in-somn-sau-apneea-obstructiva-la-copii-un-simptom-cu-cauze-si-un-impact-complexe-asupra-dezvoltarii-viitorului-adult\/"]}]},{"@type":"ImageObject","inLanguage":"en-US","@id":"https:\/\/blog.iomft.ro\/index.php\/2025\/07\/11\/sufocarea-in-somn-sau-apneea-obstructiva-la-copii-un-simptom-cu-cauze-si-un-impact-complexe-asupra-dezvoltarii-viitorului-adult\/#primaryimage","url":"https:\/\/blog.iomft.ro\/wp-content\/uploads\/2025\/07\/sufocarea-in-somn.png","contentUrl":"https:\/\/blog.iomft.ro\/wp-content\/uploads\/2025\/07\/sufocarea-in-somn.png","width":624,"height":353,"caption":"Ghid practic pentru parinti."},{"@type":"BreadcrumbList","@id":"https:\/\/blog.iomft.ro\/index.php\/2025\/07\/11\/sufocarea-in-somn-sau-apneea-obstructiva-la-copii-un-simptom-cu-cauze-si-un-impact-complexe-asupra-dezvoltarii-viitorului-adult\/#breadcrumb","itemListElement":[{"@type":"ListItem","position":1,"name":"Home","item":"https:\/\/blog.iomft.ro\/"},{"@type":"ListItem","position":2,"name":"Sufocarea \u00een somn sau apneea obstructiv\u0103 la copii, un simptom cu cauze \u0219i un impact complexe asupra dezvolt\u0103rii viitorului adult."}]},{"@type":"WebSite","@id":"https:\/\/blog.iomft.ro\/#website","url":"https:\/\/blog.iomft.ro\/","name":"Blog IOMFT","description":"","potentialAction":[{"@type":"SearchAction","target":{"@type":"EntryPoint","urlTemplate":"https:\/\/blog.iomft.ro\/?s={search_term_string}"},"query-input":{"@type":"PropertyValueSpecification","valueRequired":true,"valueName":"search_term_string"}}],"inLanguage":"en-US"},{"@type":"Person","@id":"https:\/\/blog.iomft.ro\/#\/schema\/person\/882f06c5c17718c7210d2d7730331b90","name":"IOMFT","image":{"@type":"ImageObject","inLanguage":"en-US","@id":"https:\/\/blog.iomft.ro\/#\/schema\/person\/image\/","url":"https:\/\/secure.gravatar.com\/avatar\/93e304fb662aa8d502d1ee15d4a7c38e94e42985f08f2852935544bb259713f2?s=96&d=mm&r=g","contentUrl":"https:\/\/secure.gravatar.com\/avatar\/93e304fb662aa8d502d1ee15d4a7c38e94e42985f08f2852935544bb259713f2?s=96&d=mm&r=g","caption":"IOMFT"},"url":"https:\/\/blog.iomft.ro\/index.php\/author\/mugur-patrascuscreennative-ro\/"}]}},"_links":{"self":[{"href":"https:\/\/blog.iomft.ro\/index.php\/wp-json\/wp\/v2\/posts\/353","targetHints":{"allow":["GET"]}}],"collection":[{"href":"https:\/\/blog.iomft.ro\/index.php\/wp-json\/wp\/v2\/posts"}],"about":[{"href":"https:\/\/blog.iomft.ro\/index.php\/wp-json\/wp\/v2\/types\/post"}],"author":[{"embeddable":true,"href":"https:\/\/blog.iomft.ro\/index.php\/wp-json\/wp\/v2\/users\/2"}],"replies":[{"embeddable":true,"href":"https:\/\/blog.iomft.ro\/index.php\/wp-json\/wp\/v2\/comments?post=353"}],"version-history":[{"count":3,"href":"https:\/\/blog.iomft.ro\/index.php\/wp-json\/wp\/v2\/posts\/353\/revisions"}],"predecessor-version":[{"id":465,"href":"https:\/\/blog.iomft.ro\/index.php\/wp-json\/wp\/v2\/posts\/353\/revisions\/465"}],"wp:featuredmedia":[{"embeddable":true,"href":"https:\/\/blog.iomft.ro\/index.php\/wp-json\/wp\/v2\/media\/354"}],"wp:attachment":[{"href":"https:\/\/blog.iomft.ro\/index.php\/wp-json\/wp\/v2\/media?parent=353"}],"wp:term":[{"taxonomy":"category","embeddable":true,"href":"https:\/\/blog.iomft.ro\/index.php\/wp-json\/wp\/v2\/categories?post=353"},{"taxonomy":"post_tag","embeddable":true,"href":"https:\/\/blog.iomft.ro\/index.php\/wp-json\/wp\/v2\/tags?post=353"}],"curies":[{"name":"wp","href":"https:\/\/api.w.org\/{rel}","templated":true}]}}