{"id":370,"date":"2025-07-11T10:08:55","date_gmt":"2025-07-11T10:08:55","guid":{"rendered":"https:\/\/blog.iomft.ro\/?p=370"},"modified":"2025-12-01T08:16:20","modified_gmt":"2025-12-01T08:16:20","slug":"sufocarea-in-somn-sau-apneea-in-somn-la-copii-cum-identificam-simptomele-si-cum-tratam-aceasta-afectiune-ghid-complet-pentru-parinti","status":"publish","type":"post","link":"https:\/\/blog.iomft.ro\/index.php\/2025\/07\/11\/sufocarea-in-somn-sau-apneea-in-somn-la-copii-cum-identificam-simptomele-si-cum-tratam-aceasta-afectiune-ghid-complet-pentru-parinti\/","title":{"rendered":"Sufocarea \u00een somn, sau Apneea \u00een somn la copii. Cum identificam simptomele \u0219i cum trat\u0103m aceast\u0103 afec\u021biune. Ghid Complet pentru P\u0103rin\u021bi"},"content":{"rendered":"\n<p><strong>1. Ce este apneea de somn?<\/strong><\/p>\n\n\n\n<p>Sufocarea, apneea \u00een somn, apneea obstructiv\u0103 sau sindromul de apnee \u00een somn sunt denumirile aceleia\u0219i afec\u021biuni caracterizat\u0103 de pauze temporare ale respira\u021biei pe durata somnului, cauzate \u00een principal de obstruc\u021bia c\u0103ilor aeriene (apnee obstructiv\u0103). La copii, acest fenomen poate trece neobservat, deoarece manifest\u0103rile nu sunt mereu evidente \u0219i de multe ori sunt puse pe seama unor r\u0103celi sau chiar simptome care nu merit\u0103 aten\u021bie.<\/p>\n\n\n\n<p>Totu\u0219i, semne precum respira\u021bia pe gur\u0103, sfor\u0103itul frecvent \u0219i somnul agitat pot indica un blocaj respirator. O caracteristic\u0103 esen\u021bial\u0103 a unei respira\u021bii s\u0103n\u0103toase este <strong>respira\u021bia nazal\u0103<\/strong> \u2013 nasul fiind prima linie de ap\u0103rare \u00eempotriva bacteriilor, virusurilor, polenului \u0219i prafului. \u00cen momentul \u00een care copilul respir\u0103 predominant pe gur\u0103, aerul nu mai este filtrat \u0219i \u00eenc\u0103lzit, cresc\u00e2nd riscul de infec\u021bii, alergii \u0219i, \u00een timp, dezvoltarea apneei obstructive.<\/p>\n\n\n\n<figure class=\"wp-block-gallery has-nested-images columns-default is-cropped wp-block-gallery-1 is-layout-flex wp-block-gallery-is-layout-flex\">\n<figure class=\"wp-block-image size-large\"><img loading=\"lazy\" decoding=\"async\" width=\"624\" height=\"353\" data-id=\"371\" src=\"https:\/\/blog.iomft.ro\/wp-content\/uploads\/2025\/07\/copil-dormind-cu-gura-deschisa.png\" alt=\"\" class=\"wp-image-371\" srcset=\"https:\/\/blog.iomft.ro\/wp-content\/uploads\/2025\/07\/copil-dormind-cu-gura-deschisa.png 624w, https:\/\/blog.iomft.ro\/wp-content\/uploads\/2025\/07\/copil-dormind-cu-gura-deschisa-510x289.png 510w\" sizes=\"auto, (max-width: 624px) 100vw, 624px\" \/><\/figure>\n<\/figure>\n\n\n\n<p><em>Copil dormind cu gura deschis\u0103 \u2013 posibil semn al apneei de somn.<\/em><\/p>\n\n\n\n<p><strong>2. Importan\u021ba apneei \u00een dezvoltarea copilului \u0219i adolescentului<\/strong><\/p>\n\n\n\n<p>Apneea de somn nu reprezint\u0103 doar o problem\u0103 respiratorie izolat\u0103, ci influen\u021beaz\u0103 \u00een mod direct cre\u0219terea \u0219i maturizarea copilului. C\u00e2nd oxigenul nu ajunge suficient la creier \u00een timpul nop\u021bii, procesele de regenerare \u0219i consolidare a informa\u021biei se \u00eentrerup. Copilul se treze\u0219te obosit, devine iritabil, iar pe termen lung, randamentul \u0219colar \u0219i comportamentul pot fi afectate. \u00cen plus, respira\u021bia oral\u0103 asociat\u0103 apneei poate produce modific\u0103ri ale structurii faciale (maxilare \u00eenguste, arcade dentare str\u00e2mte), cresc\u00e2nd riscul de carii, boli gingivale \u0219i infec\u021bii ORL repetate.<\/p>\n\n\n\n<p>\u00cen concluzie, afectarea programului normal de odihna \u0219i refacere a capacit\u0103\u021bii creierului si a organelor vine cu un cost foarte mare la v\u00e2rstele mici \u0219i aduce dup\u0103 sine tulbur\u0103ri vizibile sau silen\u021bioase mult \u00een maturitate.<\/p>\n\n\n\n<p>Prin urmare, identificarea la timp a apneei \u0219i asigurarea unei respira\u021bii nazale corecte sunt factori-cheie \u00een dezvoltarea armonioas\u0103 a copiilor \u0219i adolescen\u021bilor.<\/p>\n\n\n\n<figure class=\"wp-block-gallery has-nested-images columns-default is-cropped wp-block-gallery-2 is-layout-flex wp-block-gallery-is-layout-flex\">\n<figure class=\"wp-block-image size-large\"><img loading=\"lazy\" decoding=\"async\" width=\"900\" height=\"553\" data-id=\"459\" src=\"https:\/\/blog.iomft.ro\/wp-content\/uploads\/2025\/07\/poze-canva-6-900x553.png\" alt=\"\" class=\"wp-image-459\" srcset=\"https:\/\/blog.iomft.ro\/wp-content\/uploads\/2025\/07\/poze-canva-6-900x553.png 900w, https:\/\/blog.iomft.ro\/wp-content\/uploads\/2025\/07\/poze-canva-6-510x313.png 510w, https:\/\/blog.iomft.ro\/wp-content\/uploads\/2025\/07\/poze-canva-6-768x472.png 768w, https:\/\/blog.iomft.ro\/wp-content\/uploads\/2025\/07\/poze-canva-6-1536x944.png 1536w, https:\/\/blog.iomft.ro\/wp-content\/uploads\/2025\/07\/poze-canva-6-2048x1258.png 2048w\" sizes=\"auto, (max-width: 900px) 100vw, 900px\" \/><\/figure>\n<\/figure>\n\n\n\n<p><strong>3. Efectele apneei de somn asupra dezvolt\u0103rii copilului<\/strong><\/p>\n\n\n\n<p>C\u00e2nd un copil are apnee \u00een somn, corpul s\u0103u intr\u0103 frecvent \u00eentr-o stare de \u201ealarm\u0103\u201d pe durata nop\u021bii, deoarece episoadele de blocare a c\u0103ilor aeriene (\u0219i sc\u0103derea nivelului de oxigen) \u00eel determin\u0103 s\u0103 se trezeasc\u0103 brusc. Astfel, somnul devine fragmentat, iar etapele de somn profund (NREM) \u0219i visare (REM) \u2013 esen\u021biale pentru cre\u0219tere \u0219i consolidarea memoriei \u2013 sunt \u00eentrerupte. Pe termen scurt, acest lucru se traduce prin oboseal\u0103, dificult\u0103\u021bi de concentrare, hiperactivitate \u0219i chiar agresivitate. Pe termen lung, consecin\u021bele pot fi \u0219i mai grave:<\/p>\n\n\n\n<ul class=\"wp-block-list\">\n<li><strong>\u00cent\u00e2rzierea dezvolt\u0103rii osoase \u0219i faciale<\/strong>: Respira\u021bia oral\u0103 cronic\u0103 duce la fe\u021be \u00eenguste, arcade dentare str\u00e2mte \u0219i z\u00e2mbete gingivale.<\/li>\n\n\n\n<li><strong>Risc crescut de infec\u021bii ORL<\/strong>: Aerul nefiltrat, care intr\u0103 direct pe gur\u0103, supra\u00eencarc\u0103 amigdalele \u0219i polipii, cresc\u00e2nd inflama\u021bia \u0219i m\u0103rirea lor.<\/li>\n\n\n\n<li><strong>Performan\u021be \u0219colare slabe<\/strong>: Lipsa somnului odihnitor afecteaz\u0103 aten\u021bia, memoria \u0219i puterea de decizie.<\/li>\n\n\n\n<li><strong>Tulbur\u0103ri emo\u021bionale \u0219i comportamentale<\/strong>: Un copil cu apnee poate fi diagnosticat eronat cu ADHD, anxietate sau depresie, c\u00e2nd, de fapt, problema principal\u0103 este respira\u021bia deficitar\u0103.<\/li>\n<\/ul>\n\n\n\n<p>\u00cen plus, sc\u0103derea nivelurilor de dioxid de carbon determin\u0103 creierul s\u0103 \u201eopreasc\u0103\u201d temporar respira\u021bia (apnei) pentru a reechilibra gazele sanguine. Aceast\u0103 dinamica perturb\u0103 mecanismele naturale de refacere a organismului. De aceea, tratamentul \u0219i monitorizarea apneei, \u00eempreun\u0103 cu reeducarea respira\u021biei nazale, devin cruciale pentru a evita complica\u021biile majore.<\/p>\n\n\n\n<figure class=\"wp-block-gallery has-nested-images columns-default is-cropped wp-block-gallery-3 is-layout-flex wp-block-gallery-is-layout-flex\">\n<figure class=\"wp-block-image size-large\"><img loading=\"lazy\" decoding=\"async\" width=\"900\" height=\"680\" data-id=\"453\" src=\"https:\/\/blog.iomft.ro\/wp-content\/uploads\/2025\/07\/plansa-1-900x680.png\" alt=\"\" class=\"wp-image-453\" srcset=\"https:\/\/blog.iomft.ro\/wp-content\/uploads\/2025\/07\/plansa-1-900x680.png 900w, https:\/\/blog.iomft.ro\/wp-content\/uploads\/2025\/07\/plansa-1-510x386.png 510w, https:\/\/blog.iomft.ro\/wp-content\/uploads\/2025\/07\/plansa-1-768x581.png 768w, https:\/\/blog.iomft.ro\/wp-content\/uploads\/2025\/07\/plansa-1-1536x1161.png 1536w, https:\/\/blog.iomft.ro\/wp-content\/uploads\/2025\/07\/plansa-1.png 1868w\" sizes=\"auto, (max-width: 900px) 100vw, 900px\" \/><\/figure>\n<\/figure>\n\n\n\n<p><strong>4. Principalele leg\u0103turi \u00eentre o respira\u021bie deficitar\u0103 \u00een timpul somnului (apnee obstructiv\u0103) \u0219i alte func\u021bii adiacente<\/strong><\/p>\n\n\n\n<ol start=\"1\" class=\"wp-block-list\">\n<li><strong>S\u0103n\u0103tatea oro-dentar\u0103<\/strong>: Un copil care doarme cu gura deschis\u0103 \u0219i are episoade de apnee este predispus la carii, gingivite \u0219i malocluzii.<\/li>\n\n\n\n<li><strong>Sistemul imunitar<\/strong>: Respir\u00e2nd pe gur\u0103, se pierd func\u021biile de filtrare \u0219i umidificare, cresc\u00e2nd riscul de infec\u021bii recurente \u0219i inflama\u021bii cronice.<\/li>\n\n\n\n<li><strong>Reglarea emo\u021bional\u0103<\/strong>: Un somn perturbat de apnee favorizeaz\u0103 eliberarea hormonilor de stres (adrenalin\u0103, cortizol), afect\u00e2nd echilibrul emo\u021bional \u0219i comportamentul copilului.<\/li>\n\n\n\n<li><strong>Performan\u021bele cognitive<\/strong>: \u00centreruperile frecvente ale somnului scad capacitatea de concentrare, de memorare \u0219i de luare a deciziilor, cu impact negativ asupra performan\u021belor \u0219colare.<\/li>\n\n\n\n<li><strong>Dezvoltarea fizic\u0103 \u0219i postural\u0103<\/strong>: \u00cen lipsa unei respira\u021bii nazale corecte, pot ap\u0103rea fe\u021be alungite, maxilare \u00eenguste \u0219i o postur\u0103 inadecvat\u0103, cu capul aplecat \u00eenainte.<\/li>\n<\/ol>\n\n\n\n<figure class=\"wp-block-gallery has-nested-images columns-default is-cropped wp-block-gallery-4 is-layout-flex wp-block-gallery-is-layout-flex\">\n<figure class=\"wp-block-image size-large\"><img loading=\"lazy\" decoding=\"async\" width=\"900\" height=\"633\" data-id=\"454\" src=\"https:\/\/blog.iomft.ro\/wp-content\/uploads\/2025\/07\/poze-canva-12-900x633.png\" alt=\"\" class=\"wp-image-454\" srcset=\"https:\/\/blog.iomft.ro\/wp-content\/uploads\/2025\/07\/poze-canva-12-900x633.png 900w, https:\/\/blog.iomft.ro\/wp-content\/uploads\/2025\/07\/poze-canva-12-510x358.png 510w, https:\/\/blog.iomft.ro\/wp-content\/uploads\/2025\/07\/poze-canva-12-768x540.png 768w, https:\/\/blog.iomft.ro\/wp-content\/uploads\/2025\/07\/poze-canva-12-1536x1080.png 1536w, https:\/\/blog.iomft.ro\/wp-content\/uploads\/2025\/07\/poze-canva-12.png 1972w\" sizes=\"auto, (max-width: 900px) 100vw, 900px\" \/><\/figure>\n<\/figure>\n\n\n\n<p><strong>5. De ce apare apneea de somn?<\/strong><\/p>\n\n\n\n<p>Apneea obstructiv\u0103 la copii survine atunci c\u00e2nd c\u0103ile aeriene superioare se blocheaz\u0103 par\u021bial sau total \u00een timpul somnului, \u00eentrerup\u00e2nd fluxul normal de aer. Exist\u0103 mai multe cauze:<\/p>\n\n\n\n<ol start=\"1\" class=\"wp-block-list\">\n<li><strong>Hipertrofia amigdalelor \u0219i polipilor<\/strong>: M\u0103rite, blocheaz\u0103 semnificativ c\u0103ile respiratorii.<\/li>\n\n\n\n<li><strong>Respira\u021bia cronic\u0103 pe gur\u0103<\/strong>: Devine un obicei vicios, mai ales dup\u0103 episoade repetate de congestie nazal\u0103.<\/li>\n\n\n\n<li><strong>Anatomie craniofacial\u0103<\/strong>: Maxilare \u00eenguste, palat \u00eenalt \u0219i limb\u0103 de dimensiuni normale, f\u0103r\u0103 spa\u021biu suficient \u00een cavitatea bucal\u0103.<\/li>\n\n\n\n<li><strong>Exces de greutate<\/strong>: Mai rar la copii, dar poate cre\u0219te rezisten\u021ba c\u0103ilor aeriene.<\/li>\n\n\n\n<li><strong>Alergii \u0219i inflama\u021bii ORL<\/strong>: Congestia nazal\u0103 repetat\u0103 favorizeaz\u0103 respira\u021bia oral\u0103 \u0219i apneea.<\/li>\n<\/ol>\n\n\n\n<figure class=\"wp-block-gallery has-nested-images columns-default is-cropped wp-block-gallery-5 is-layout-flex wp-block-gallery-is-layout-flex\">\n<figure class=\"wp-block-image size-large\"><img loading=\"lazy\" decoding=\"async\" width=\"900\" height=\"553\" data-id=\"459\" src=\"https:\/\/blog.iomft.ro\/wp-content\/uploads\/2025\/07\/poze-canva-6-900x553.png\" alt=\"\" class=\"wp-image-459\" srcset=\"https:\/\/blog.iomft.ro\/wp-content\/uploads\/2025\/07\/poze-canva-6-900x553.png 900w, https:\/\/blog.iomft.ro\/wp-content\/uploads\/2025\/07\/poze-canva-6-510x313.png 510w, https:\/\/blog.iomft.ro\/wp-content\/uploads\/2025\/07\/poze-canva-6-768x472.png 768w, https:\/\/blog.iomft.ro\/wp-content\/uploads\/2025\/07\/poze-canva-6-1536x944.png 1536w, https:\/\/blog.iomft.ro\/wp-content\/uploads\/2025\/07\/poze-canva-6-2048x1258.png 2048w\" sizes=\"auto, (max-width: 900px) 100vw, 900px\" \/><\/figure>\n<\/figure>\n\n\n\n<p><strong>6. Cum identific\u0103m dac\u0103 copilul nostru are probleme de respira\u021bie? Semnale de alarm\u0103 noaptea<\/strong><\/p>\n\n\n\n<p>Primul indiciu al apneei obstructive poate fi sfor\u0103itul puternic \u0219i constant, \u00eens\u0103 nu este singurul semn. Copilul se poate foi mereu \u00een pat, \u00ee\u0219i poate str\u00e2nge cear\u0219aful, transpir\u0103 excesiv \u0219i are episoade frecvente de trezire brusc\u0103. Alte semnale de alarm\u0103 includ:<\/p>\n\n\n\n<ul class=\"wp-block-list\">\n<li><strong>Respira\u021bie pe gur\u0103<\/strong> (cu buzele uscate \u0219i nasul aparent \u201e\u00eenfundat\u201d)<\/li>\n\n\n\n<li><strong>Episoade de oprire a respira\u021biei<\/strong> pentru c\u00e2teva secunde, urmate de un oftat sau o respira\u021bie accelerat\u0103<\/li>\n\n\n\n<li><strong>Scr\u00e2\u0219nirea din\u021bilor (bruxism)<\/strong>, care indic\u0103 stres muscular \u0219i tensiune la nivelul maxilarelor<\/li>\n\n\n\n<li><strong>Somn agitat, cu co\u0219maruri frecvente<\/strong> sau chiar enurezis (udatul patului)<\/li>\n\n\n\n<li><strong>Dificult\u0103\u021bi de trezire diminea\u021ba<\/strong> \u0219i oboseal\u0103 persistent\u0103 pe parcursul zilei<\/li>\n<\/ul>\n\n\n\n<p>Dac\u0103 observi aceste simptome, un consult la medicul ORL, pediatru sau ortodont este esen\u021bial pentru a evalua cauzele \u0219i a stabili un plan de tratament. Cu c\u00e2t se intervine mai devreme, cu at\u00e2t riscul de complica\u021bii pe termen lung scade.<\/p>\n\n\n\n<figure class=\"wp-block-gallery has-nested-images columns-default is-cropped wp-block-gallery-6 is-layout-flex wp-block-gallery-is-layout-flex\">\n<figure class=\"wp-block-image size-large\"><img loading=\"lazy\" decoding=\"async\" width=\"900\" height=\"506\" data-id=\"461\" src=\"https:\/\/blog.iomft.ro\/wp-content\/uploads\/2025\/07\/poze-canva-23-900x506.png\" alt=\"\" class=\"wp-image-461\" srcset=\"https:\/\/blog.iomft.ro\/wp-content\/uploads\/2025\/07\/poze-canva-23-900x506.png 900w, https:\/\/blog.iomft.ro\/wp-content\/uploads\/2025\/07\/poze-canva-23-510x287.png 510w, https:\/\/blog.iomft.ro\/wp-content\/uploads\/2025\/07\/poze-canva-23-768x432.png 768w, https:\/\/blog.iomft.ro\/wp-content\/uploads\/2025\/07\/poze-canva-23-1536x864.png 1536w, https:\/\/blog.iomft.ro\/wp-content\/uploads\/2025\/07\/poze-canva-23-2048x1152.png 2048w\" sizes=\"auto, (max-width: 900px) 100vw, 900px\" \/><\/figure>\n<\/figure>\n\n\n\n<p><strong>7. Chestionarul problemelor de respira\u021bie la copii (Chestionarul BEARS)<\/strong><\/p>\n\n\n\n<p>Completa\u021bi <strong><a href=\"https:\/\/www.iomft.ro\/index.php\/chestionar\/\">Chestionarul BEARS<\/a><\/strong> pentru a evalua tiparele de somn, posibilele episoade de apnee \u0219i nivelul de odihn\u0103 al copilului. Rezultatele pot oferi indicii clare despre prezen\u021ba unor tulbur\u0103ri de somn \u0219i pot fi discutate cu medicul specialist.<\/p>\n\n\n\n<p><strong>8. Solu\u021bii: Cum rezolv\u0103m problemele de respira\u021bie?<\/strong><\/p>\n\n\n\n<ol start=\"1\" class=\"wp-block-list\">\n<li><strong>Terapie miofunc\u021bional\u0103<\/strong>: Exerci\u021biile orofaciale \u0219i de reantrenare a respira\u021biei, precum metodele Buteyko, ajut\u0103 la corectarea respira\u021biei orale \u0219i la cre\u0219terea tonusului muscular din zona g\u00e2tului \u0219i a limbii.<\/li>\n\n\n\n<li><strong>Ortodon\u021bie interceptiv\u0103<\/strong>: Extinderea maxilarului prin dispozitive speciale poate crea spa\u021biu adecvat pentru limb\u0103 \u0219i favoriza respira\u021bia nazal\u0103.<\/li>\n\n\n\n<li><strong>Evaluare ORL<\/strong>: Depistarea polipilor, amigdalelor m\u0103rite sau a altor obstruc\u021bii. \u00cen unele cazuri, interven\u021bia chirurgical\u0103 devine necesar\u0103 pentru a elibera c\u0103ile aeriene.<\/li>\n\n\n\n<li><strong>Dispozitive de respira\u021bie nazal\u0103<\/strong>: Dilatatoare, benzi Myotape \u0219i spray-uri saline, care sus\u021bin respira\u021bia pe nas \u0219i reduc sfor\u0103itul.<\/li>\n\n\n\n<li><strong>Igien\u0103 a somnului \u0219i nutri\u021bie corect\u0103<\/strong>: Un program de somn regulat, evitarea zah\u0103rului \u00een exces, consumul de alimente bogate \u00een vitamine (A, D, K2) \u0219i fibre.<\/li>\n\n\n\n<li><strong>Exerci\u021bii de respira\u021bie \u0219i postur\u0103<\/strong>: Tehnicile de relaxare \u0219i men\u021binerea unei posturi corecte pot diminua stresul \u0219i impulsul de a respira pe gur\u0103.<\/li>\n<\/ol>\n\n\n\n<figure class=\"wp-block-gallery has-nested-images columns-default is-cropped wp-block-gallery-7 is-layout-flex wp-block-gallery-is-layout-flex\">\n<figure class=\"wp-block-image size-large\"><img loading=\"lazy\" decoding=\"async\" width=\"900\" height=\"506\" data-id=\"456\" src=\"https:\/\/blog.iomft.ro\/wp-content\/uploads\/2025\/07\/poze-canva-16-900x506.png\" alt=\"\" class=\"wp-image-456\" srcset=\"https:\/\/blog.iomft.ro\/wp-content\/uploads\/2025\/07\/poze-canva-16-900x506.png 900w, https:\/\/blog.iomft.ro\/wp-content\/uploads\/2025\/07\/poze-canva-16-510x287.png 510w, https:\/\/blog.iomft.ro\/wp-content\/uploads\/2025\/07\/poze-canva-16-768x432.png 768w, https:\/\/blog.iomft.ro\/wp-content\/uploads\/2025\/07\/poze-canva-16-1536x864.png 1536w, https:\/\/blog.iomft.ro\/wp-content\/uploads\/2025\/07\/poze-canva-16-2048x1152.png 2048w\" sizes=\"auto, (max-width: 900px) 100vw, 900px\" \/><\/figure>\n<\/figure>\n\n\n\n<p><strong>9. Ce este IOMFT?<\/strong><\/p>\n\n\n\n<p><strong>IOMFT (Institutul de Ortoposturologie \u0219i Terapie Orofacial\u0103 Miofunc\u021bional\u0103 din Rom\u00e2nia)<\/strong> este un centru dedicat prevenirii \u0219i trat\u0103rii problemelor respiratorii, de somn \u0219i de dezvoltare craniofacial\u0103 la copii \u0219i adul\u021bi. Aici se \u00eembin\u0103 specialit\u0103\u021bi precum ORL, ortodon\u021bie, terapie miofunc\u021bional\u0103, logopedie, pediatrie, consultan\u021b\u0103 \u00een lacta\u021bie, osteopatie \u0219i kinetoterapie. Filosofia IOMFT se bazeaz\u0103 pe conceptul c\u0103 respira\u021bia nazal\u0103 corect\u0103 \u0219i echilibrul orofacial stau la baza unei s\u0103n\u0103t\u0103\u021bi optime.<br>Institutul ofer\u0103 cursuri, workshop-uri, materiale educa\u021bionale \u0219i programe de terapie integrate, orientate spre <strong>preven\u021bie<\/strong> \u0219i interven\u021bie timpurie. Scopul principal este de a ajuta familiile \u0219i speciali\u0219tii s\u0103 recunoasc\u0103 semnele tulbur\u0103rilor respiratorii (precum apneea de somn) \u0219i s\u0103 intervin\u0103 cu metode personalizate. \u00cen plus, IOMFT promoveaz\u0103 principiile alimenta\u021biei s\u0103n\u0103toase \u0219i exerci\u021biilor de respira\u021bie, consider\u00e2ndu-le elemente esen\u021biale pentru o dezvoltare armonioas\u0103.<\/p>\n\n\n\n<p><strong>10. Abordarea IOMFT<\/strong><\/p>\n\n\n\n<p>La IOMFT, interven\u021bia \u00eencepe cu o evaluare cuprinz\u0103toare a pacientului, urm\u0103rind aspecte precum respira\u021bia nazal\u0103, pozi\u021bia limbii, postura, obiceiurile de somn \u0219i dieta. Dincolo de simpla \u201egestionare\u201d a problemei, se pune accent pe descoperirea cauzelor profunde \u0219i pe solu\u021bii durabile. Aceast\u0103 abordare implic\u0103 colaborarea \u00eentre speciali\u0219ti: ORL-i\u0219ti care evalueaz\u0103 obstruc\u021biile anatomice, ortodon\u021bi care corecteaz\u0103 maxilarele \u0219i terapeu\u021bi miofunc\u021bionali care reeduc\u0103 respira\u021bia \u0219i musculatura orofacial\u0103. Prin integrarea exerci\u021biilor Buteyko, a benzilor Myotape \u0219i a altor metode adjuvante, IOMFT asigur\u0103 un plan de tratament unic, menit s\u0103 ofere copiilor un somn lini\u0219tit \u0219i o dezvoltare s\u0103n\u0103toas\u0103.<\/p>\n\n\n\n<p><strong>11. Procedurile multidisciplinare<\/strong><\/p>\n\n\n\n<p>Apneea de somn nu poate fi tratat\u0103 eficient printr-o singur\u0103 specialitate. Abordarea multidisciplinar\u0103 este esen\u021bial\u0103 pentru a rezolva problemele de respira\u021bie \u0219i a preveni complica\u021biile ulterioare. \u00cen cadrul IOMFT, medicii ORL identific\u0103 sau corecteaz\u0103 obstruc\u021biile (polipi, amigdalite), ortodon\u021bii regleaz\u0103 dimensiunea \u0219i forma maxilarelor, iar terapeu\u021bii miofunc\u021bionali redefinesc tiparul respirator \u0219i postura limbii. Kinetoterapeu\u021bii \u0219i osteopa\u021bii sprijin\u0103 realinierea corporal\u0103, \u00een timp ce nutri\u021bioni\u0219tii \u0219i consultan\u021bii \u00een lacta\u021bie ofer\u0103 sfaturi pentru a asigura un stil de via\u021b\u0103 s\u0103n\u0103tos. Aceast\u0103 cooperare asigur\u0103 o recuperare complex\u0103 \u0219i asigur\u0103 fiec\u0103rui copil \u0219ansa de a respira corect \u0219i de a se dezvolta optim.<\/p>\n\n\n\n<p><strong>Ce ai de facut?<\/strong><\/p>\n\n\n\n<p>Suntem al\u0103turi de fiecare p\u0103rinte \u0219i \u00een cadrul acestei platforme vei g\u0103si toate informa\u021biile \u0219i pa\u0219ii pe care \u00eei ai de parcurs pentru a rezolva problemele sau a forma deprinderile s\u0103n\u0103toase ale celui mic.<\/p>\n\n\n\n<p>Primul pas este s\u0103 completezi acest chestionar \u0219i s\u0103 ni-l trimi\u021bi. Acest lucru se va putea face dac\u0103 \u00ee\u021bi vei \u00eenregistra un profil pe platforma noastr\u0103.<\/p>\n\n\n\n<p>\u00cen urma evalu\u0103rii r\u0103spunsurilor tale, te vom contactacta \u0219i \u00ee\u021bi vom prezenta observa\u021bile noastre \u0219i care sunt pa\u0219ii urm\u0103tori.<\/p>\n\n\n\n<p><\/p>\n","protected":false},"excerpt":{"rendered":"<p>1. Ce este apneea de somn? Sufocarea, apneea \u00een somn, apneea obstructiv\u0103 sau sindromul de apnee \u00een somn sunt denumirile aceleia\u0219i afec\u021biuni caracterizat\u0103 de pauze temporare ale respira\u021biei pe durata&#8230;<\/p>\n","protected":false},"author":2,"featured_media":371,"comment_status":"open","ping_status":"open","sticky":false,"template":"","format":"standard","meta":{"_acf_changed":false,"footnotes":""},"categories":[19,18,17],"tags":[],"class_list":["post-370","post","type-post","status-publish","format-standard","has-post-thumbnail","hentry","category-respiratia-orala","category-sforaitul","category-sufocarea"],"acf":[],"yoast_head":"<!-- This site is optimized with the Yoast SEO plugin v24.6 - https:\/\/yoast.com\/wordpress\/plugins\/seo\/ -->\n<title>Sufocarea \u00een somn, sau Apneea \u00een somn la copii. Cum identificam simptomele \u0219i cum trat\u0103m aceast\u0103 afec\u021biune. Ghid Complet pentru P\u0103rin\u021bi - Blog IOMFT<\/title>\n<meta name=\"robots\" content=\"noindex, follow, max-snippet:-1, max-image-preview:large, max-video-preview:-1\" \/>\n<meta property=\"og:locale\" content=\"en_US\" \/>\n<meta property=\"og:type\" content=\"article\" \/>\n<meta property=\"og:title\" content=\"Sufocarea \u00een somn, sau Apneea \u00een somn la copii. Cum identificam simptomele \u0219i cum trat\u0103m aceast\u0103 afec\u021biune. Ghid Complet pentru P\u0103rin\u021bi - Blog IOMFT\" \/>\n<meta property=\"og:description\" content=\"1. Ce este apneea de somn? Sufocarea, apneea \u00een somn, apneea obstructiv\u0103 sau sindromul de apnee \u00een somn sunt denumirile aceleia\u0219i afec\u021biuni caracterizat\u0103 de pauze temporare ale respira\u021biei pe durata...\" \/>\n<meta property=\"og:url\" content=\"https:\/\/blog.iomft.ro\/index.php\/2025\/07\/11\/sufocarea-in-somn-sau-apneea-in-somn-la-copii-cum-identificam-simptomele-si-cum-tratam-aceasta-afectiune-ghid-complet-pentru-parinti\/\" \/>\n<meta property=\"og:site_name\" content=\"Blog IOMFT\" \/>\n<meta property=\"article:published_time\" content=\"2025-07-11T10:08:55+00:00\" \/>\n<meta property=\"article:modified_time\" content=\"2025-12-01T08:16:20+00:00\" \/>\n<meta property=\"og:image\" content=\"https:\/\/blog.iomft.ro\/wp-content\/uploads\/2025\/07\/copil-dormind-cu-gura-deschisa.png\" \/>\n\t<meta property=\"og:image:width\" content=\"624\" \/>\n\t<meta property=\"og:image:height\" content=\"353\" \/>\n\t<meta property=\"og:image:type\" content=\"image\/png\" \/>\n<meta name=\"author\" content=\"IOMFT\" \/>\n<meta name=\"twitter:card\" content=\"summary_large_image\" \/>\n<meta name=\"twitter:label1\" content=\"Written by\" \/>\n\t<meta name=\"twitter:data1\" content=\"IOMFT\" \/>\n\t<meta name=\"twitter:label2\" content=\"Est. reading time\" \/>\n\t<meta name=\"twitter:data2\" content=\"8 minutes\" \/>\n<script type=\"application\/ld+json\" class=\"yoast-schema-graph\">{\"@context\":\"https:\/\/schema.org\",\"@graph\":[{\"@type\":\"WebPage\",\"@id\":\"https:\/\/blog.iomft.ro\/index.php\/2025\/07\/11\/sufocarea-in-somn-sau-apneea-in-somn-la-copii-cum-identificam-simptomele-si-cum-tratam-aceasta-afectiune-ghid-complet-pentru-parinti\/\",\"url\":\"https:\/\/blog.iomft.ro\/index.php\/2025\/07\/11\/sufocarea-in-somn-sau-apneea-in-somn-la-copii-cum-identificam-simptomele-si-cum-tratam-aceasta-afectiune-ghid-complet-pentru-parinti\/\",\"name\":\"Sufocarea \u00een somn, sau Apneea \u00een somn la copii. Cum identificam simptomele \u0219i cum trat\u0103m aceast\u0103 afec\u021biune. Ghid Complet pentru P\u0103rin\u021bi - Blog IOMFT\",\"isPartOf\":{\"@id\":\"https:\/\/blog.iomft.ro\/#website\"},\"primaryImageOfPage\":{\"@id\":\"https:\/\/blog.iomft.ro\/index.php\/2025\/07\/11\/sufocarea-in-somn-sau-apneea-in-somn-la-copii-cum-identificam-simptomele-si-cum-tratam-aceasta-afectiune-ghid-complet-pentru-parinti\/#primaryimage\"},\"image\":{\"@id\":\"https:\/\/blog.iomft.ro\/index.php\/2025\/07\/11\/sufocarea-in-somn-sau-apneea-in-somn-la-copii-cum-identificam-simptomele-si-cum-tratam-aceasta-afectiune-ghid-complet-pentru-parinti\/#primaryimage\"},\"thumbnailUrl\":\"https:\/\/blog.iomft.ro\/wp-content\/uploads\/2025\/07\/copil-dormind-cu-gura-deschisa.png\",\"datePublished\":\"2025-07-11T10:08:55+00:00\",\"dateModified\":\"2025-12-01T08:16:20+00:00\",\"author\":{\"@id\":\"https:\/\/blog.iomft.ro\/#\/schema\/person\/882f06c5c17718c7210d2d7730331b90\"},\"breadcrumb\":{\"@id\":\"https:\/\/blog.iomft.ro\/index.php\/2025\/07\/11\/sufocarea-in-somn-sau-apneea-in-somn-la-copii-cum-identificam-simptomele-si-cum-tratam-aceasta-afectiune-ghid-complet-pentru-parinti\/#breadcrumb\"},\"inLanguage\":\"en-US\",\"potentialAction\":[{\"@type\":\"ReadAction\",\"target\":[\"https:\/\/blog.iomft.ro\/index.php\/2025\/07\/11\/sufocarea-in-somn-sau-apneea-in-somn-la-copii-cum-identificam-simptomele-si-cum-tratam-aceasta-afectiune-ghid-complet-pentru-parinti\/\"]}]},{\"@type\":\"ImageObject\",\"inLanguage\":\"en-US\",\"@id\":\"https:\/\/blog.iomft.ro\/index.php\/2025\/07\/11\/sufocarea-in-somn-sau-apneea-in-somn-la-copii-cum-identificam-simptomele-si-cum-tratam-aceasta-afectiune-ghid-complet-pentru-parinti\/#primaryimage\",\"url\":\"https:\/\/blog.iomft.ro\/wp-content\/uploads\/2025\/07\/copil-dormind-cu-gura-deschisa.png\",\"contentUrl\":\"https:\/\/blog.iomft.ro\/wp-content\/uploads\/2025\/07\/copil-dormind-cu-gura-deschisa.png\",\"width\":624,\"height\":353,\"caption\":\"Ghid practic pentru parinti.\"},{\"@type\":\"BreadcrumbList\",\"@id\":\"https:\/\/blog.iomft.ro\/index.php\/2025\/07\/11\/sufocarea-in-somn-sau-apneea-in-somn-la-copii-cum-identificam-simptomele-si-cum-tratam-aceasta-afectiune-ghid-complet-pentru-parinti\/#breadcrumb\",\"itemListElement\":[{\"@type\":\"ListItem\",\"position\":1,\"name\":\"Home\",\"item\":\"https:\/\/blog.iomft.ro\/\"},{\"@type\":\"ListItem\",\"position\":2,\"name\":\"Sufocarea \u00een somn, sau Apneea \u00een somn la copii. Cum identificam simptomele \u0219i cum trat\u0103m aceast\u0103 afec\u021biune. Ghid Complet pentru P\u0103rin\u021bi\"}]},{\"@type\":\"WebSite\",\"@id\":\"https:\/\/blog.iomft.ro\/#website\",\"url\":\"https:\/\/blog.iomft.ro\/\",\"name\":\"Blog IOMFT\",\"description\":\"\",\"potentialAction\":[{\"@type\":\"SearchAction\",\"target\":{\"@type\":\"EntryPoint\",\"urlTemplate\":\"https:\/\/blog.iomft.ro\/?s={search_term_string}\"},\"query-input\":{\"@type\":\"PropertyValueSpecification\",\"valueRequired\":true,\"valueName\":\"search_term_string\"}}],\"inLanguage\":\"en-US\"},{\"@type\":\"Person\",\"@id\":\"https:\/\/blog.iomft.ro\/#\/schema\/person\/882f06c5c17718c7210d2d7730331b90\",\"name\":\"IOMFT\",\"image\":{\"@type\":\"ImageObject\",\"inLanguage\":\"en-US\",\"@id\":\"https:\/\/blog.iomft.ro\/#\/schema\/person\/image\/\",\"url\":\"https:\/\/secure.gravatar.com\/avatar\/93e304fb662aa8d502d1ee15d4a7c38e94e42985f08f2852935544bb259713f2?s=96&d=mm&r=g\",\"contentUrl\":\"https:\/\/secure.gravatar.com\/avatar\/93e304fb662aa8d502d1ee15d4a7c38e94e42985f08f2852935544bb259713f2?s=96&d=mm&r=g\",\"caption\":\"IOMFT\"},\"url\":\"https:\/\/blog.iomft.ro\/index.php\/author\/mugur-patrascuscreennative-ro\/\"}]}<\/script>\n<!-- \/ Yoast SEO plugin. -->","yoast_head_json":{"title":"Sufocarea \u00een somn, sau Apneea \u00een somn la copii. Cum identificam simptomele \u0219i cum trat\u0103m aceast\u0103 afec\u021biune. Ghid Complet pentru P\u0103rin\u021bi - Blog IOMFT","robots":{"index":"noindex","follow":"follow","max-snippet":"max-snippet:-1","max-image-preview":"max-image-preview:large","max-video-preview":"max-video-preview:-1"},"og_locale":"en_US","og_type":"article","og_title":"Sufocarea \u00een somn, sau Apneea \u00een somn la copii. Cum identificam simptomele \u0219i cum trat\u0103m aceast\u0103 afec\u021biune. Ghid Complet pentru P\u0103rin\u021bi - Blog IOMFT","og_description":"1. Ce este apneea de somn? Sufocarea, apneea \u00een somn, apneea obstructiv\u0103 sau sindromul de apnee \u00een somn sunt denumirile aceleia\u0219i afec\u021biuni caracterizat\u0103 de pauze temporare ale respira\u021biei pe durata...","og_url":"https:\/\/blog.iomft.ro\/index.php\/2025\/07\/11\/sufocarea-in-somn-sau-apneea-in-somn-la-copii-cum-identificam-simptomele-si-cum-tratam-aceasta-afectiune-ghid-complet-pentru-parinti\/","og_site_name":"Blog IOMFT","article_published_time":"2025-07-11T10:08:55+00:00","article_modified_time":"2025-12-01T08:16:20+00:00","og_image":[{"width":624,"height":353,"url":"https:\/\/blog.iomft.ro\/wp-content\/uploads\/2025\/07\/copil-dormind-cu-gura-deschisa.png","type":"image\/png"}],"author":"IOMFT","twitter_card":"summary_large_image","twitter_misc":{"Written by":"IOMFT","Est. reading time":"8 minutes"},"schema":{"@context":"https:\/\/schema.org","@graph":[{"@type":"WebPage","@id":"https:\/\/blog.iomft.ro\/index.php\/2025\/07\/11\/sufocarea-in-somn-sau-apneea-in-somn-la-copii-cum-identificam-simptomele-si-cum-tratam-aceasta-afectiune-ghid-complet-pentru-parinti\/","url":"https:\/\/blog.iomft.ro\/index.php\/2025\/07\/11\/sufocarea-in-somn-sau-apneea-in-somn-la-copii-cum-identificam-simptomele-si-cum-tratam-aceasta-afectiune-ghid-complet-pentru-parinti\/","name":"Sufocarea \u00een somn, sau Apneea \u00een somn la copii. Cum identificam simptomele \u0219i cum trat\u0103m aceast\u0103 afec\u021biune. Ghid Complet pentru P\u0103rin\u021bi - Blog IOMFT","isPartOf":{"@id":"https:\/\/blog.iomft.ro\/#website"},"primaryImageOfPage":{"@id":"https:\/\/blog.iomft.ro\/index.php\/2025\/07\/11\/sufocarea-in-somn-sau-apneea-in-somn-la-copii-cum-identificam-simptomele-si-cum-tratam-aceasta-afectiune-ghid-complet-pentru-parinti\/#primaryimage"},"image":{"@id":"https:\/\/blog.iomft.ro\/index.php\/2025\/07\/11\/sufocarea-in-somn-sau-apneea-in-somn-la-copii-cum-identificam-simptomele-si-cum-tratam-aceasta-afectiune-ghid-complet-pentru-parinti\/#primaryimage"},"thumbnailUrl":"https:\/\/blog.iomft.ro\/wp-content\/uploads\/2025\/07\/copil-dormind-cu-gura-deschisa.png","datePublished":"2025-07-11T10:08:55+00:00","dateModified":"2025-12-01T08:16:20+00:00","author":{"@id":"https:\/\/blog.iomft.ro\/#\/schema\/person\/882f06c5c17718c7210d2d7730331b90"},"breadcrumb":{"@id":"https:\/\/blog.iomft.ro\/index.php\/2025\/07\/11\/sufocarea-in-somn-sau-apneea-in-somn-la-copii-cum-identificam-simptomele-si-cum-tratam-aceasta-afectiune-ghid-complet-pentru-parinti\/#breadcrumb"},"inLanguage":"en-US","potentialAction":[{"@type":"ReadAction","target":["https:\/\/blog.iomft.ro\/index.php\/2025\/07\/11\/sufocarea-in-somn-sau-apneea-in-somn-la-copii-cum-identificam-simptomele-si-cum-tratam-aceasta-afectiune-ghid-complet-pentru-parinti\/"]}]},{"@type":"ImageObject","inLanguage":"en-US","@id":"https:\/\/blog.iomft.ro\/index.php\/2025\/07\/11\/sufocarea-in-somn-sau-apneea-in-somn-la-copii-cum-identificam-simptomele-si-cum-tratam-aceasta-afectiune-ghid-complet-pentru-parinti\/#primaryimage","url":"https:\/\/blog.iomft.ro\/wp-content\/uploads\/2025\/07\/copil-dormind-cu-gura-deschisa.png","contentUrl":"https:\/\/blog.iomft.ro\/wp-content\/uploads\/2025\/07\/copil-dormind-cu-gura-deschisa.png","width":624,"height":353,"caption":"Ghid practic pentru parinti."},{"@type":"BreadcrumbList","@id":"https:\/\/blog.iomft.ro\/index.php\/2025\/07\/11\/sufocarea-in-somn-sau-apneea-in-somn-la-copii-cum-identificam-simptomele-si-cum-tratam-aceasta-afectiune-ghid-complet-pentru-parinti\/#breadcrumb","itemListElement":[{"@type":"ListItem","position":1,"name":"Home","item":"https:\/\/blog.iomft.ro\/"},{"@type":"ListItem","position":2,"name":"Sufocarea \u00een somn, sau Apneea \u00een somn la copii. Cum identificam simptomele \u0219i cum trat\u0103m aceast\u0103 afec\u021biune. Ghid Complet pentru P\u0103rin\u021bi"}]},{"@type":"WebSite","@id":"https:\/\/blog.iomft.ro\/#website","url":"https:\/\/blog.iomft.ro\/","name":"Blog IOMFT","description":"","potentialAction":[{"@type":"SearchAction","target":{"@type":"EntryPoint","urlTemplate":"https:\/\/blog.iomft.ro\/?s={search_term_string}"},"query-input":{"@type":"PropertyValueSpecification","valueRequired":true,"valueName":"search_term_string"}}],"inLanguage":"en-US"},{"@type":"Person","@id":"https:\/\/blog.iomft.ro\/#\/schema\/person\/882f06c5c17718c7210d2d7730331b90","name":"IOMFT","image":{"@type":"ImageObject","inLanguage":"en-US","@id":"https:\/\/blog.iomft.ro\/#\/schema\/person\/image\/","url":"https:\/\/secure.gravatar.com\/avatar\/93e304fb662aa8d502d1ee15d4a7c38e94e42985f08f2852935544bb259713f2?s=96&d=mm&r=g","contentUrl":"https:\/\/secure.gravatar.com\/avatar\/93e304fb662aa8d502d1ee15d4a7c38e94e42985f08f2852935544bb259713f2?s=96&d=mm&r=g","caption":"IOMFT"},"url":"https:\/\/blog.iomft.ro\/index.php\/author\/mugur-patrascuscreennative-ro\/"}]}},"_links":{"self":[{"href":"https:\/\/blog.iomft.ro\/index.php\/wp-json\/wp\/v2\/posts\/370","targetHints":{"allow":["GET"]}}],"collection":[{"href":"https:\/\/blog.iomft.ro\/index.php\/wp-json\/wp\/v2\/posts"}],"about":[{"href":"https:\/\/blog.iomft.ro\/index.php\/wp-json\/wp\/v2\/types\/post"}],"author":[{"embeddable":true,"href":"https:\/\/blog.iomft.ro\/index.php\/wp-json\/wp\/v2\/users\/2"}],"replies":[{"embeddable":true,"href":"https:\/\/blog.iomft.ro\/index.php\/wp-json\/wp\/v2\/comments?post=370"}],"version-history":[{"count":2,"href":"https:\/\/blog.iomft.ro\/index.php\/wp-json\/wp\/v2\/posts\/370\/revisions"}],"predecessor-version":[{"id":467,"href":"https:\/\/blog.iomft.ro\/index.php\/wp-json\/wp\/v2\/posts\/370\/revisions\/467"}],"wp:featuredmedia":[{"embeddable":true,"href":"https:\/\/blog.iomft.ro\/index.php\/wp-json\/wp\/v2\/media\/371"}],"wp:attachment":[{"href":"https:\/\/blog.iomft.ro\/index.php\/wp-json\/wp\/v2\/media?parent=370"}],"wp:term":[{"taxonomy":"category","embeddable":true,"href":"https:\/\/blog.iomft.ro\/index.php\/wp-json\/wp\/v2\/categories?post=370"},{"taxonomy":"post_tag","embeddable":true,"href":"https:\/\/blog.iomft.ro\/index.php\/wp-json\/wp\/v2\/tags?post=370"}],"curies":[{"name":"wp","href":"https:\/\/api.w.org\/{rel}","templated":true}]}}