{"id":387,"date":"2025-07-11T11:26:55","date_gmt":"2025-07-11T11:26:55","guid":{"rendered":"https:\/\/blog.iomft.ro\/?p=387"},"modified":"2025-12-01T08:11:01","modified_gmt":"2025-12-01T08:11:01","slug":"sufocarea-in-somn-povestea-unui-semnal-de-alarma","status":"publish","type":"post","link":"https:\/\/blog.iomft.ro\/index.php\/2025\/07\/11\/sufocarea-in-somn-povestea-unui-semnal-de-alarma\/","title":{"rendered":"Sufocarea \u00een somn: povestea unui semnal de alarm\u0103"},"content":{"rendered":"\n<p>Imagineaz\u0103-\u021bi o sear\u0103 obi\u0219nuit\u0103: casa e lini\u0219tit\u0103, iar copilul t\u0103u doarme profund \u00een p\u0103tu\u021b.<strong> Dintr-odat\u0103, \u00eel auzi sco\u021b\u00e2nd un oftat brusc, ca \u0219i cum l-ar fi \u00een\u021bepat ceva. Tresare, pare agitat \u0219i trage aerul cu dificultate. <\/strong>Pentru c\u00e2teva clipe, r\u0103m\u00e2i nemi\u0219cat\u0103, ascult\u00e2ndu-i respira\u021bia sacadat\u0103. Apoi, copilul se relaxeaz\u0103, aparent lini\u0219tit, \u0219i adoarme la loc. \u201eO fi doar un vis ur\u00e2t\u201d, \u00ee\u021bi spui, \u00eencerc\u00e2nd s\u0103 te lini\u0219te\u0219ti.<\/p>\n\n\n\n<p>Dar \u201evisul ur\u00e2t\u201d se tot repet\u0103, iar acele c\u00e2teva secunde de \u201elips\u0103 de aer\u201d se instaleaz\u0103 aproape noapte de noapte. De fiecare dat\u0103, inima \u00ee\u021bi bate mai tare c\u00e2nd auzi cum cel mic se \u201e\u00eeneac\u0103\u201d \u00een somn, ca \u0219i cum ceva \u00eei blocheaz\u0103 respira\u021bia.<strong> Dac\u0103 ai putea s\u0103 intri, pentru o clip\u0103, \u00een culisele corpului s\u0103u, ai descoperi un mecanism delicat, dar esen\u021bial: fluxul de aer c\u0103tre pl\u0103m\u00e2ni este oprit, mu\u0219chii g\u00e2tului \u0219i ai limbii s-au relaxat peste m\u0103sur\u0103, iar calea aerian\u0103 s-a \u00eengustat exact c\u00e2t s\u0103 \u00eel \u201etrezeasc\u0103\u201d pe creierul copilului din somn \u0219i s\u0103 \u00eei cear\u0103 s\u0103 respire din nou.<\/strong> Creierul porne\u0219te sistemele de alarm\u0103 \u0219i restabile\u0219te fluxul de aer salvator.<\/p>\n\n\n\n<figure class=\"wp-block-gallery has-nested-images columns-default is-cropped wp-block-gallery-1 is-layout-flex wp-block-gallery-is-layout-flex\">\n<figure class=\"wp-block-image size-large\"><img loading=\"lazy\" decoding=\"async\" width=\"900\" height=\"633\" data-id=\"454\" src=\"https:\/\/blog.iomft.ro\/wp-content\/uploads\/2025\/07\/poze-canva-12-900x633.png\" alt=\"\" class=\"wp-image-454\" srcset=\"https:\/\/blog.iomft.ro\/wp-content\/uploads\/2025\/07\/poze-canva-12-900x633.png 900w, https:\/\/blog.iomft.ro\/wp-content\/uploads\/2025\/07\/poze-canva-12-510x358.png 510w, https:\/\/blog.iomft.ro\/wp-content\/uploads\/2025\/07\/poze-canva-12-768x540.png 768w, https:\/\/blog.iomft.ro\/wp-content\/uploads\/2025\/07\/poze-canva-12-1536x1080.png 1536w, https:\/\/blog.iomft.ro\/wp-content\/uploads\/2025\/07\/poze-canva-12.png 1972w\" sizes=\"auto, (max-width: 900px) 100vw, 900px\" \/><\/figure>\n<\/figure>\n\n\n\n<p><br>Aceast\u0103 \u201elips\u0103 de aer\u201d sau sufocare \u00een somn nu e un episod \u00eent\u00e2mpl\u0103tor.<strong> Ea semnalizeaz\u0103 o lupt\u0103 invizibil\u0103 pe care organismul o duce noapte de noapte pentru a ob\u021bine oxigen. \u00cen acele secunde de \u201epauz\u0103\u201d respiratorie, nivelul de oxigen din s\u00e2nge \u00eencepe s\u0103 scad\u0103, iar creierul, sim\u021bind pericolul, elibereaz\u0103 hormoni de stres precum adrenalina.<\/strong> Copilul se treze\u0219te brusc, de parc\u0103 ar fi tras la suprafa\u021b\u0103 din ap\u0103 dup\u0103 o scufundare prea lung\u0103. Senza\u021bia poate sem\u0103na cu un \u00eenec\u2014pentru cei mici, e dificil de descris, dar corpul lor reac\u021bioneaz\u0103 ca atare, printr-o \u201eg\u00e2f\u00e2ial\u0103\u201d care sperie \u0219i p\u0103rintele, \u0219i copilul.<br><\/p>\n\n\n\n<p>Dac\u0103 privim din exterior, sufocarea \u00een somn pare un episod intens, \u00eens\u0103 scurt. Copilul se mi\u0219c\u0103, se foie\u0219te, redeschide c\u0103ile respiratorii\u2014\u0219i gata, criza a trecut. Dar, pe termen lung, aceste \u00eentreruperi repetate pot transforma somnul \u00eentr-o perioad\u0103 obositoare, lipsit\u0103 de odihna at\u00e2t de necesar\u0103 cre\u0219terii \u0219i dezvolt\u0103rii.<strong> Creierul nu mai intr\u0103 \u00een etapele profunde de refacere, iar organismul r\u0103m\u00e2ne \u00eentr-o stare de alert\u0103. Iar consecin\u021bele se pot vedea pe timpul zilei: un copil mai iritabil, mai obosit, cu dificult\u0103\u021bi de concentrare \u0219i, uneori, probleme de comportament confundate cu hiperactivitatea.<\/strong><\/p>\n\n\n\n<figure class=\"wp-block-gallery has-nested-images columns-default is-cropped wp-block-gallery-2 is-layout-flex wp-block-gallery-is-layout-flex\">\n<figure class=\"wp-block-image size-large\"><img loading=\"lazy\" decoding=\"async\" width=\"900\" height=\"633\" data-id=\"454\" src=\"https:\/\/blog.iomft.ro\/wp-content\/uploads\/2025\/07\/poze-canva-12-900x633.png\" alt=\"\" class=\"wp-image-454\" srcset=\"https:\/\/blog.iomft.ro\/wp-content\/uploads\/2025\/07\/poze-canva-12-900x633.png 900w, https:\/\/blog.iomft.ro\/wp-content\/uploads\/2025\/07\/poze-canva-12-510x358.png 510w, https:\/\/blog.iomft.ro\/wp-content\/uploads\/2025\/07\/poze-canva-12-768x540.png 768w, https:\/\/blog.iomft.ro\/wp-content\/uploads\/2025\/07\/poze-canva-12-1536x1080.png 1536w, https:\/\/blog.iomft.ro\/wp-content\/uploads\/2025\/07\/poze-canva-12.png 1972w\" sizes=\"auto, (max-width: 900px) 100vw, 900px\" \/><\/figure>\n<\/figure>\n\n\n\n<p><strong>\u00cen mod ironic, semnul pe care \u00eel auzim adesea, sfor\u0103itul, e doar v\u00e2rful aisbergului. Chiar dac\u0103 unii copii nu sfor\u0103ie puternic, pot avea momente de sufocare nocturn\u0103 mai pu\u021bin zgomotoase, dar la fel de periculoase. <\/strong>\u00cen acela\u0219i timp, respira\u021bia pe gur\u0103, aparent banal\u0103, devine o \u201epoart\u0103 de intrare\u201d pentru aer nefiltrat \u0219i mai rece, ceea ce contribuie la inflama\u021bii \u0219i congestii repetate. \u00cen plus, obiceiul de a \u021bine gura deschis\u0103 modific\u0103, \u00een timp, structura maxilarelor, c\u0103ile respiratorii \u0219i chiar postura.<\/p>\n\n\n\n<p><strong>Pentru p\u0103rin\u021bii care se confrunt\u0103 cu astfel de scene nocturne, e important s\u0103 \u0219tie c\u0103 aceste episoade de sufocare pot fi un semn al apneei obstructive de somn la copii. <\/strong>Dar la fel de important e c\u0103 exist\u0103 solu\u021bii \u0219i speciali\u0219ti capabili s\u0103 detecteze \u0219i s\u0103 trateze aceast\u0103 tulburare. Uneori, e nevoie de o simpl\u0103 evaluare ORL pentru a observa amigdale sau polipi m\u0103ri\u021bi, alteori e necesar\u0103 colaborarea cu un ortodont, care s\u0103 corecteze forma maxilarelor.<strong> Terapia miofunc\u021bional\u0103 \u0219i metodele de antrenare a respira\u021biei nazale pot, la r\u00e2ndul lor, s\u0103 rezolve disfunc\u021bii care au prins r\u0103d\u0103cini \u00eenc\u0103 din copil\u0103rie.<\/strong><br><\/p>\n\n\n\n<figure class=\"wp-block-gallery has-nested-images columns-default is-cropped wp-block-gallery-3 is-layout-flex wp-block-gallery-is-layout-flex\">\n<figure class=\"wp-block-image size-large\"><img loading=\"lazy\" decoding=\"async\" width=\"900\" height=\"506\" data-id=\"456\" src=\"https:\/\/blog.iomft.ro\/wp-content\/uploads\/2025\/07\/poze-canva-16-900x506.png\" alt=\"\" class=\"wp-image-456\" srcset=\"https:\/\/blog.iomft.ro\/wp-content\/uploads\/2025\/07\/poze-canva-16-900x506.png 900w, https:\/\/blog.iomft.ro\/wp-content\/uploads\/2025\/07\/poze-canva-16-510x287.png 510w, https:\/\/blog.iomft.ro\/wp-content\/uploads\/2025\/07\/poze-canva-16-768x432.png 768w, https:\/\/blog.iomft.ro\/wp-content\/uploads\/2025\/07\/poze-canva-16-1536x864.png 1536w, https:\/\/blog.iomft.ro\/wp-content\/uploads\/2025\/07\/poze-canva-16-2048x1152.png 2048w\" sizes=\"auto, (max-width: 900px) 100vw, 900px\" \/><\/figure>\n<\/figure>\n\n\n\n<p>Pentru a-\u021bi da seama dac\u0103 cel mic se confrunt\u0103 cu astfel de episoade, un prim pas poate fi s\u0103-l observi atent \u00een primele ore de somn, eventual s\u0103-l filmezi discret \u00een timp ce doarme, ca s\u0103 surprinzi episoadele de \u201e\u00eenecare\u201d. Dac\u0103 le descoperi, nu te mul\u021bumi doar cu a le \u201epune pe seama\u201d unui somn agitat. Informeaz\u0103-te, discut\u0103 cu un specialist, cere evalu\u0103ri mai am\u0103nun\u021bite.<\/p>\n\n\n\n<p><strong>Sufocarea \u00een somn nu este doar un eveniment \u00eensp\u0103im\u00e2nt\u0103tor pentru un p\u0103rinte sau un copil. E \u0219i un strig\u0103t al corpului, care cere ajutor. <\/strong>Iar prin identificarea timpurie a cauzei\u2014fie ea legat\u0103 de o obstruc\u021bie a c\u0103ilor aeriene, de respira\u021bia pe gur\u0103 sau de o anomalie a maxilarului\u2014\u0219i printr-un plan de tratament adecvat, aceste nop\u021bi fr\u0103m\u00e2ntate se pot transforma \u00een nop\u021bi lini\u0219tite, cu somn profund \u0219i regenerant. \u00cen cele din urm\u0103, copilul t\u0103u va avea nu doar un somn lini\u0219tit, ci \u0219i un drum asigurat spre o cre\u0219tere armonioas\u0103, lipsit\u0103 de grijile unui \u201e\u00eenec nocturn\u201d ce, altfel, ar putea s\u0103-i umbreasc\u0103 copil\u0103ria.<\/p>\n\n\n\n<p><strong>Sufocarea \u00een somn: un semn alarmant al apneei de somn<\/strong><\/p>\n\n\n\n<p>Apneea de somn este o tulburare respiratorie frecvent subestimat\u0103, caracterizat\u0103 prin pauze temporare \u00een respira\u021bie pe parcursul nop\u021bii. Unul dintre cele mai alarmante simptome asociate acestei afec\u021biuni este senza\u021bia de \u201esufocare \u00een somn\u201d. De\u0219i poate p\u0103rea un episod trec\u0103tor sau un simplu \u201e\u00eenecat din cauza unei pozi\u021bii incomode\u201d, repetarea acestor episoade poate semnala o problem\u0103 profund\u0103, cu impact semnificativ asupra s\u0103n\u0103t\u0103\u021bii generale.<br><\/p>\n\n\n\n<p class=\"has-medium-font-size\"><strong>1. De ce apare \u201esufocarea\u201d \u00een timpul somnului?<\/strong><\/p>\n\n\n\n<p><strong>Apneea obstructiv\u0103 \u2013 c\u00e2nd c\u0103ile aeriene se \u00eengusteaz\u0103<\/strong><\/p>\n\n\n\n<p>Cauza principal\u0103 a \u201esufoc\u0103rii\u201d din timpul somnului este <strong>apneea obstructiv\u0103<\/strong> de somn. \u00cen aceast\u0103 form\u0103 de apnee, mu\u0219chii g\u00e2tului \u0219i ai limbii se relaxeaz\u0103 excesiv, iar spa\u021biul prin care circul\u0103 aerul devine prea \u00eengust sau se blocheaz\u0103 complet. Practic, aerul nu mai poate trece liber prin c\u0103ile respiratorii, iar creierul semnaleaz\u0103 \u201elipsa de oxigen\u201d provoc\u00e2nd o trezire brusc\u0103 sau un oftat puternic.<\/p>\n\n\n\n<p><strong>Rolul dioxidului de carbon<\/strong><\/p>\n\n\n\n<p>Un aspect adesea neglijat \u00een discu\u021biile despre apneea de somn este rela\u021bia dintre <strong>dioxidul de carbon (CO\u2082)<\/strong> \u0219i oxigen. Majoritatea oamenilor cred c\u0103 dioxidul de carbon este un simplu \u201eprodus rezidual\u201d. \u00cen realitate, CO\u2082 este esen\u021bial pentru declan\u0219area reflexului de a respira. Atunci c\u00e2nd respir\u0103m \u00een exces sau pe gur\u0103, elimin\u0103m prea mult CO\u2082, ceea ce poate duce la mici dezechilibre care cresc riscul de apnee. \u00cen timpul nop\u021bii, dac\u0103 nivelul de CO\u2082 scade prea mult, creierul poate \u201e\u00eentrerupe\u201d respira\u021bia pentru a-l readuce la normal. Aceast\u0103 \u201e\u00eentrerupere\u201d se resimte ca un moment de sufocare.<\/p>\n\n\n\n<p><strong>Respira\u021bia pe gur\u0103 \u0219i factorii anatomici<\/strong><br>Mul\u021bi oameni dezvolt\u0103 respira\u021bie oral\u0103 fie din cauza unei r\u0103celi prelungite \u00een copil\u0103rie, fie din cauza unor obstruc\u021bii nazale (polipi, devia\u021bie de sept). C\u00e2nd gura r\u0103m\u00e2ne deschis\u0103, aerul nu mai este filtrat, \u00eenc\u0103lzit \u0219i umidificat, ceea ce favorizeaz\u0103 inflama\u021bia amigdalelor sau a altor \u021besuturi din g\u00e2t. \u00cen timp, aceast\u0103 inflama\u021bie poate \u00eengusta c\u0103ile aeriene, amplific\u00e2nd predispozi\u021bia la \u201esufocare\u201d \u00een somn. De asemenea, maxilarele \u00eenguste sau palatul \u00eenalt reduc spa\u021biul pentru limb\u0103, care poate aluneca \u00een spate \u00een timpul somnului, obstruc\u021bion\u00e2nd \u0219i mai mult fluxul de aer.<br><\/p>\n\n\n\n<figure class=\"wp-block-gallery has-nested-images columns-default is-cropped wp-block-gallery-4 is-layout-flex wp-block-gallery-is-layout-flex\">\n<figure class=\"wp-block-image size-large\"><img loading=\"lazy\" decoding=\"async\" width=\"900\" height=\"424\" data-id=\"455\" src=\"https:\/\/blog.iomft.ro\/wp-content\/uploads\/2025\/07\/poze-canva-19-900x424.png\" alt=\"\" class=\"wp-image-455\" srcset=\"https:\/\/blog.iomft.ro\/wp-content\/uploads\/2025\/07\/poze-canva-19-900x424.png 900w, https:\/\/blog.iomft.ro\/wp-content\/uploads\/2025\/07\/poze-canva-19-510x240.png 510w, https:\/\/blog.iomft.ro\/wp-content\/uploads\/2025\/07\/poze-canva-19-768x362.png 768w, https:\/\/blog.iomft.ro\/wp-content\/uploads\/2025\/07\/poze-canva-19-1536x723.png 1536w, https:\/\/blog.iomft.ro\/wp-content\/uploads\/2025\/07\/poze-canva-19-2048x964.png 2048w\" sizes=\"auto, (max-width: 900px) 100vw, 900px\" \/><\/figure>\n<\/figure>\n\n\n\n<p class=\"has-medium-font-size\"><strong>2. Ce se \u00eent\u00e2mpl\u0103 \u00een corp \u00een timpul episoadelor de sufocare?<\/strong><\/p>\n\n\n\n<p><strong>Sc\u0103derea brusc\u0103 a oxigenului<\/strong><\/p>\n\n\n\n<p>\u00cen mod normal, creierul \u0219i musculatura corpului se relaxeaz\u0103 \u00een timpul somnului, intr\u00e2nd \u00eentr-un proces de refacere esen\u021bial pentru s\u0103n\u0103tate. \u00cens\u0103, \u00een momentul \u00een care fluxul de aer este blocat, nivelul de oxigen \u00eencepe s\u0103 scad\u0103. Creierul reac\u021bioneaz\u0103 rapid la acest deficit prin declan\u0219area unei alarme interne: elibereaz\u0103 hormoni de stres (adrenalin\u0103, cortizol), ceea ce provoac\u0103 trezirea \u0219i \u201ereluarea\u201d respira\u021biei. Persoana poate avea impresia c\u0103 se \u201e\u00eeneac\u0103\u201d sau c\u0103 s-a trezit sufocat\u0103, de multe ori \u00eenso\u021bit\u0103 de un oftat sau de o respira\u021bie accelerat\u0103.<\/p>\n\n\n\n<p><strong>Fragmentarea somnului \u0219i stresul cronic<\/strong><\/p>\n\n\n\n<p>Repetarea frecvent\u0103 a acestor episoade de sufocare duce la fragmentarea somnului. De\u0219i persoana poate adormi la loc imediat, calitatea somnului scade considerabil, iar creierul nu intr\u0103 \u00een acele etape profunde \u0219i regeneratoare (somn NREM profund \u0219i REM). Pe termen lung, acest tipar provoac\u0103:<\/p>\n\n\n\n<ul class=\"wp-block-list\">\n<li><strong>Oboseal\u0103 diurn\u0103<\/strong> \u0219i dificult\u0103\u021bi de concentrare.<\/li>\n\n\n\n<li><strong>Iritabilitate<\/strong> \u0219i schimb\u0103ri bru\u0219te de dispozi\u021bie.<\/li>\n\n\n\n<li><strong>Reac\u021bii emo\u021bionale exagerate<\/strong>, deoarece organismul r\u0103m\u00e2ne \u00eentr-o stare de stres cronic cauzat de \u201ealarmarea\u201d permanent\u0103 din timpul nop\u021bii.<\/li>\n<\/ul>\n\n\n\n<figure class=\"wp-block-gallery has-nested-images columns-default is-cropped wp-block-gallery-5 is-layout-flex wp-block-gallery-is-layout-flex\">\n<figure class=\"wp-block-image size-large\"><img loading=\"lazy\" decoding=\"async\" width=\"900\" height=\"553\" data-id=\"459\" src=\"https:\/\/blog.iomft.ro\/wp-content\/uploads\/2025\/07\/poze-canva-6-900x553.png\" alt=\"\" class=\"wp-image-459\" srcset=\"https:\/\/blog.iomft.ro\/wp-content\/uploads\/2025\/07\/poze-canva-6-900x553.png 900w, https:\/\/blog.iomft.ro\/wp-content\/uploads\/2025\/07\/poze-canva-6-510x313.png 510w, https:\/\/blog.iomft.ro\/wp-content\/uploads\/2025\/07\/poze-canva-6-768x472.png 768w, https:\/\/blog.iomft.ro\/wp-content\/uploads\/2025\/07\/poze-canva-6-1536x944.png 1536w, https:\/\/blog.iomft.ro\/wp-content\/uploads\/2025\/07\/poze-canva-6-2048x1258.png 2048w\" sizes=\"auto, (max-width: 900px) 100vw, 900px\" \/><\/figure>\n<\/figure>\n\n\n\n<p class=\"has-medium-font-size\"><strong>3. Consecin\u021bele \u201esufoc\u0103rii\u201d \u00een somn asupra s\u0103n\u0103t\u0103\u021bii<\/strong><\/p>\n\n\n\n<p><strong>Probleme cardiace \u0219i metabolice<\/strong><\/p>\n\n\n\n<p>Lipsa de oxigen repetat\u0103 \u0219i secre\u021bia constant\u0103 de hormoni de stres pot duce la cre\u0219terea tensiunii arteriale \u0219i la alte disfunc\u021bii cardiovasculare. \u00cen plus, persoanele care se confrunt\u0103 cu apnee \u0219i sufocare \u00een somn pot constata modific\u0103ri ale metabolismului, av\u00e2nd un apetit crescut pentru dulciuri sau carbohidra\u021bi simpli. Aceasta poate duce \u00een timp la cre\u0219terea \u00een greutate \u0219i la un risc mai mare de diabet de tip 2.<\/p>\n\n\n\n<p><strong>Tulbur\u0103ri de comportament \u0219i de aten\u021bie la copii<\/strong><\/p>\n\n\n\n<p>La copii, episoadele de sufocare nocturn\u0103 pot fi \u0219i mai grave, deoarece creierul lor este \u00een plin proces de dezvoltare. Un somn neodihnitor afecteaz\u0103 concentrarea, \u00eenv\u0103\u021barea, memoria \u0219i poate duce la comportamente hiperactive sau chiar la diagnostice gre\u0219ite de ADHD. Mai mult, respira\u021bia oral\u0103 \u0219i obstruc\u021biile nazale pot cauza modific\u0103ri faciale (fe\u021be lungi, arcade dentare str\u00e2mte), inflama\u021bii ORL repetate (amigdalite, polipi) \u0219i dificult\u0103\u021bi la \u00eenghi\u021bire.<\/p>\n\n\n\n<p><strong>Sfor\u0103itul \u0219i sufocarea: semnale ignorate<\/strong><\/p>\n\n\n\n<p>De multe ori, sufocarea \u00een somn este precedat\u0103 sau \u00eenso\u021bit\u0103 de sfor\u0103it \u2013 un semn c\u0103 aerul trece turbulent prin c\u0103ile respiratorii \u00eengustate. Totu\u0219i, nu orice sfor\u0103it indic\u0103 apnee, dar atunci c\u00e2nd devine cronic sau intens \u0219i este urmat de pauze respiratorii, trebuie investigat de speciali\u0219ti. Sfor\u0103itul cronic la copii \u0219i adul\u021bi poate fi privit ca un \u201efar ro\u0219u\u201d al s\u0103n\u0103t\u0103\u021bii respiratorii.<\/p>\n\n\n\n<figure class=\"wp-block-gallery has-nested-images columns-default is-cropped wp-block-gallery-6 is-layout-flex wp-block-gallery-is-layout-flex\">\n<figure class=\"wp-block-image size-large\"><img loading=\"lazy\" decoding=\"async\" width=\"900\" height=\"525\" data-id=\"460\" src=\"https:\/\/blog.iomft.ro\/wp-content\/uploads\/2025\/07\/poze-canva-15-900x525.png\" alt=\"\" class=\"wp-image-460\" srcset=\"https:\/\/blog.iomft.ro\/wp-content\/uploads\/2025\/07\/poze-canva-15-900x525.png 900w, https:\/\/blog.iomft.ro\/wp-content\/uploads\/2025\/07\/poze-canva-15-510x297.png 510w, https:\/\/blog.iomft.ro\/wp-content\/uploads\/2025\/07\/poze-canva-15-768x448.png 768w, https:\/\/blog.iomft.ro\/wp-content\/uploads\/2025\/07\/poze-canva-15-1536x895.png 1536w, https:\/\/blog.iomft.ro\/wp-content\/uploads\/2025\/07\/poze-canva-15-2048x1194.png 2048w\" sizes=\"auto, (max-width: 900px) 100vw, 900px\" \/><\/figure>\n<\/figure>\n\n\n\n<p class=\"has-medium-font-size\"><strong>4. Strategii pentru a preveni \u0219i trata episoadele de sufocare \u00een somn<\/strong><\/p>\n\n\n\n<p><strong>Evaluare \u0219i diagnostic<\/strong><\/p>\n\n\n\n<p>Primul pas este un consult medical, care poate include:<\/p>\n\n\n\n<ol class=\"wp-block-list\">\n<li><strong>Evaluare ORL<\/strong>: Depistarea polipilor, devia\u021biei de sept, amigdalelor m\u0103rite sau a altor obstruc\u021bii.<\/li>\n\n\n\n<li><strong>Studiu de somn (polisomnografie)<\/strong>: M\u0103soar\u0103 activitatea creierului, respira\u021bia, satura\u021bia de oxigen \u0219i alte variabile \u00een timpul nop\u021bii, permi\u021b\u00e2nd un diagnostic precis al apneei.<\/li>\n\n\n\n<li><strong>Examen ortodontic<\/strong>: Maxilarele \u00eenguste sau palatul \u00eenalt pot fi identificate printr-o simpl\u0103 radiografie sau analiz\u0103 cefalometric\u0103.<\/li>\n<\/ol>\n\n\n\n<p><strong>Reantrenarea respira\u021biei nazale<\/strong><\/p>\n\n\n\n<p>Chiar dac\u0103 exist\u0103 factori anatomici care contribuie la apnee, un procent semnificativ din episoadele de sufocare pot fi ameliorate prin <strong>trecerea la respira\u021bia nazal\u0103<\/strong>. Metode precum:<\/p>\n\n\n\n<ul class=\"wp-block-list\">\n<li><strong>Terapia miofunc\u021bional\u0103<\/strong>: Un set de exerci\u021bii orofaciale ce implic\u0103 limba, buzele \u0219i musculatura g\u00e2tului, pentru a corecta pozi\u021bia lor \u0219i a \u00eencuraja respira\u021bia pe nas.<\/li>\n\n\n\n<li><strong>Metodele Buteyko<\/strong>: Exerci\u021bii menite s\u0103 regleze ritmul respirator \u0219i s\u0103 creasc\u0103 toleran\u021ba la CO\u2082, reduc\u00e2nd hiper-ventila\u021bia \u0219i asigur\u00e2nd un aport de oxigen echilibrat.<\/li>\n\n\n\n<li><strong>Dispozitive adjuvante (Myotape sau dilatatoare nazale)<\/strong>: Men\u021bin gura \u00eenchis\u0103 \u0219i c\u0103ile nazale deschise, prevenind respira\u021bia oral\u0103 \u0219i episoadele de sfor\u0103it.<\/li>\n<\/ul>\n\n\n\n<p><strong>Tratament ortodontic \u0219i chirurgical (dac\u0103 este cazul)<\/strong><\/p>\n\n\n\n<ul class=\"wp-block-list\">\n<li><strong>Expansiunea maxilarului<\/strong>: Corectarea palatului \u00eengust la copii \u0219i adolescen\u021bi poate elibera spa\u021biul pentru limb\u0103, reduc\u00e2nd obstruc\u021biile.<\/li>\n\n\n\n<li><strong>\u00cendep\u0103rtarea amigdalelor sau a polipilor<\/strong>: Dac\u0103 sunt m\u0103rite \u0219i blocheaz\u0103 c\u0103ile aeriene, medicul ORL poate recomanda o procedur\u0103 chirurgical\u0103.<\/li>\n<\/ul>\n\n\n\n<p><strong>CPAP (Continuous Positive Airway Pressure)<\/strong>: Un dispozitiv care asigur\u0103 un flux de aer constant, men\u021bin\u00e2nd c\u0103ile respiratorii deschise \u00een timpul somnului. Este des utilizat \u00een apneea moderat-sever\u0103, mai ales la adul\u021bi.<\/p>\n\n\n\n<figure class=\"wp-block-gallery has-nested-images columns-default is-cropped wp-block-gallery-7 is-layout-flex wp-block-gallery-is-layout-flex\">\n<figure class=\"wp-block-image size-large\"><img loading=\"lazy\" decoding=\"async\" width=\"900\" height=\"506\" data-id=\"461\" src=\"https:\/\/blog.iomft.ro\/wp-content\/uploads\/2025\/07\/poze-canva-23-900x506.png\" alt=\"\" class=\"wp-image-461\" srcset=\"https:\/\/blog.iomft.ro\/wp-content\/uploads\/2025\/07\/poze-canva-23-900x506.png 900w, https:\/\/blog.iomft.ro\/wp-content\/uploads\/2025\/07\/poze-canva-23-510x287.png 510w, https:\/\/blog.iomft.ro\/wp-content\/uploads\/2025\/07\/poze-canva-23-768x432.png 768w, https:\/\/blog.iomft.ro\/wp-content\/uploads\/2025\/07\/poze-canva-23-1536x864.png 1536w, https:\/\/blog.iomft.ro\/wp-content\/uploads\/2025\/07\/poze-canva-23-2048x1152.png 2048w\" sizes=\"auto, (max-width: 900px) 100vw, 900px\" \/><\/figure>\n<\/figure>\n\n\n\n<p><strong>Schimbarea stilului de via\u021b\u0103<\/strong><\/p>\n\n\n\n<p>O serie de modific\u0103ri simple pot ameliora considerabil simptomele:<\/p>\n\n\n\n<ol class=\"wp-block-list\">\n<li><strong>Greutate optim\u0103<\/strong>: Excesul ponderal, chiar \u0219i la copii, cre\u0219te riscul de apnee \u0219i sufocare.<\/li>\n\n\n\n<li><strong>Evitarea mesei bogate \u0219i a consumului de alcool \u00eenainte de culcare<\/strong>: Diminueaz\u0103 episoadele de relaxare excesiv\u0103 a mu\u0219chilor g\u00e2tului \u0219i refluxul gastroesofagian.<\/li>\n\n\n\n<li><strong>Program de somn regulat<\/strong>: Culcatul \u0219i trezitul la acelea\u0219i ore sprijin\u0103 calitatea \u0219i coeren\u021ba somnului.<\/li>\n<\/ol>\n\n\n\n<p><strong>Hidratarea \u0219i igiena nazal\u0103<\/strong>: Spray-urile saline \u0219i evitarea alergenilor pot men\u021bine pasajele nazale curate \u0219i deschise.<\/p>\n\n\n\n<p class=\"has-medium-font-size\"><strong>5. Concluzie<\/strong><\/p>\n\n\n\n<p>Sufocarea \u00een somn, de\u0219i sperie at\u00e2t adultul c\u00e2t \u0219i copilul prin intensitatea momentului, nu este un simplu episod inofensiv. Ea reprezint\u0103, de fapt, un semnal de alarm\u0103 pe care corpul \u00eel trimite pentru a anun\u021ba un blocaj \u00een respira\u021bie. Repetarea acestor episoade de \u201e\u00eentrerupere\u201d a oxigen\u0103rii poate avea efecte semnificative asupra s\u0103n\u0103t\u0103\u021bii fizice \u0219i emo\u021bionale: oboseal\u0103 cronic\u0103, tulbur\u0103ri de comportament, predispozi\u021bie la boli cardiovasculare \u0219i sc\u0103derea randamentului \u0219colar ori profesional.<\/p>\n\n\n\n<p>Identificarea timpurie a cauzelor \u2013 fie c\u0103 vorbim de obstruc\u021bii anatomice la nivelul nasului \u0219i g\u00e2tului, fie de un obicei de a respira pe gur\u0103 \u2013 este esen\u021bial\u0103. Prin consultarea speciali\u0219tilor (ORL, ortodont, terapeut miofunc\u021bional) \u0219i adoptarea unor m\u0103suri personalizate (exerci\u021bii de respira\u021bie, corec\u021bii ortodontice sau interven\u021bii chirurgicale), apneea \u0219i sufocarea pot fi controlate \u0219i, \u00een multe cazuri, chiar eliminate. Rezultatul: un somn lini\u0219tit, o respira\u021bie corect\u0103 \u0219i o via\u021b\u0103 mai s\u0103n\u0103toas\u0103, \u00een care energia \u0219i buna dispozi\u021bie revin la normal.<\/p>\n\n\n\n<p><\/p>\n","protected":false},"excerpt":{"rendered":"<p>Imagineaz\u0103-\u021bi o sear\u0103 obi\u0219nuit\u0103: casa e lini\u0219tit\u0103, iar copilul t\u0103u doarme profund \u00een p\u0103tu\u021b. Dintr-odat\u0103, \u00eel auzi sco\u021b\u00e2nd un oftat brusc, ca \u0219i cum l-ar fi \u00een\u021bepat ceva. Tresare, pare&#8230;<\/p>\n","protected":false},"author":2,"featured_media":414,"comment_status":"open","ping_status":"open","sticky":false,"template":"","format":"standard","meta":{"_acf_changed":false,"footnotes":""},"categories":[19,18,17],"tags":[],"class_list":["post-387","post","type-post","status-publish","format-standard","has-post-thumbnail","hentry","category-respiratia-orala","category-sforaitul","category-sufocarea"],"acf":[],"yoast_head":"<!-- This site is optimized with the Yoast SEO plugin v24.6 - https:\/\/yoast.com\/wordpress\/plugins\/seo\/ -->\n<title>Sufocarea \u00een somn: povestea unui semnal de alarm\u0103 - Blog IOMFT<\/title>\n<meta name=\"robots\" content=\"noindex, follow, max-snippet:-1, max-image-preview:large, max-video-preview:-1\" \/>\n<meta property=\"og:locale\" content=\"en_US\" \/>\n<meta property=\"og:type\" content=\"article\" \/>\n<meta property=\"og:title\" content=\"Sufocarea \u00een somn: povestea unui semnal de alarm\u0103 - Blog IOMFT\" \/>\n<meta property=\"og:description\" content=\"Imagineaz\u0103-\u021bi o sear\u0103 obi\u0219nuit\u0103: casa e lini\u0219tit\u0103, iar copilul t\u0103u doarme profund \u00een p\u0103tu\u021b. Dintr-odat\u0103, \u00eel auzi sco\u021b\u00e2nd un oftat brusc, ca \u0219i cum l-ar fi \u00een\u021bepat ceva. Tresare, pare...\" \/>\n<meta property=\"og:url\" content=\"https:\/\/blog.iomft.ro\/index.php\/2025\/07\/11\/sufocarea-in-somn-povestea-unui-semnal-de-alarma\/\" \/>\n<meta property=\"og:site_name\" content=\"Blog IOMFT\" \/>\n<meta property=\"article:published_time\" content=\"2025-07-11T11:26:55+00:00\" \/>\n<meta property=\"article:modified_time\" content=\"2025-12-01T08:11:01+00:00\" \/>\n<meta property=\"og:image\" content=\"https:\/\/blog.iomft.ro\/wp-content\/uploads\/2025\/07\/copil-dormind-cu-gura-deschisa-1.png\" \/>\n\t<meta property=\"og:image:width\" content=\"1140\" \/>\n\t<meta property=\"og:image:height\" content=\"700\" \/>\n\t<meta property=\"og:image:type\" content=\"image\/png\" \/>\n<meta name=\"author\" content=\"IOMFT\" \/>\n<meta name=\"twitter:card\" content=\"summary_large_image\" \/>\n<meta name=\"twitter:label1\" content=\"Written by\" \/>\n\t<meta name=\"twitter:data1\" content=\"IOMFT\" \/>\n\t<meta name=\"twitter:label2\" content=\"Est. reading time\" \/>\n\t<meta name=\"twitter:data2\" content=\"11 minutes\" \/>\n<script type=\"application\/ld+json\" class=\"yoast-schema-graph\">{\"@context\":\"https:\/\/schema.org\",\"@graph\":[{\"@type\":\"WebPage\",\"@id\":\"https:\/\/blog.iomft.ro\/index.php\/2025\/07\/11\/sufocarea-in-somn-povestea-unui-semnal-de-alarma\/\",\"url\":\"https:\/\/blog.iomft.ro\/index.php\/2025\/07\/11\/sufocarea-in-somn-povestea-unui-semnal-de-alarma\/\",\"name\":\"Sufocarea \u00een somn: povestea unui semnal de alarm\u0103 - Blog IOMFT\",\"isPartOf\":{\"@id\":\"https:\/\/blog.iomft.ro\/#website\"},\"primaryImageOfPage\":{\"@id\":\"https:\/\/blog.iomft.ro\/index.php\/2025\/07\/11\/sufocarea-in-somn-povestea-unui-semnal-de-alarma\/#primaryimage\"},\"image\":{\"@id\":\"https:\/\/blog.iomft.ro\/index.php\/2025\/07\/11\/sufocarea-in-somn-povestea-unui-semnal-de-alarma\/#primaryimage\"},\"thumbnailUrl\":\"https:\/\/blog.iomft.ro\/wp-content\/uploads\/2025\/07\/copil-dormind-cu-gura-deschisa-1.png\",\"datePublished\":\"2025-07-11T11:26:55+00:00\",\"dateModified\":\"2025-12-01T08:11:01+00:00\",\"author\":{\"@id\":\"https:\/\/blog.iomft.ro\/#\/schema\/person\/882f06c5c17718c7210d2d7730331b90\"},\"breadcrumb\":{\"@id\":\"https:\/\/blog.iomft.ro\/index.php\/2025\/07\/11\/sufocarea-in-somn-povestea-unui-semnal-de-alarma\/#breadcrumb\"},\"inLanguage\":\"en-US\",\"potentialAction\":[{\"@type\":\"ReadAction\",\"target\":[\"https:\/\/blog.iomft.ro\/index.php\/2025\/07\/11\/sufocarea-in-somn-povestea-unui-semnal-de-alarma\/\"]}]},{\"@type\":\"ImageObject\",\"inLanguage\":\"en-US\",\"@id\":\"https:\/\/blog.iomft.ro\/index.php\/2025\/07\/11\/sufocarea-in-somn-povestea-unui-semnal-de-alarma\/#primaryimage\",\"url\":\"https:\/\/blog.iomft.ro\/wp-content\/uploads\/2025\/07\/copil-dormind-cu-gura-deschisa-1.png\",\"contentUrl\":\"https:\/\/blog.iomft.ro\/wp-content\/uploads\/2025\/07\/copil-dormind-cu-gura-deschisa-1.png\",\"width\":1140,\"height\":700,\"caption\":\"Apneea in somn la copii\"},{\"@type\":\"BreadcrumbList\",\"@id\":\"https:\/\/blog.iomft.ro\/index.php\/2025\/07\/11\/sufocarea-in-somn-povestea-unui-semnal-de-alarma\/#breadcrumb\",\"itemListElement\":[{\"@type\":\"ListItem\",\"position\":1,\"name\":\"Home\",\"item\":\"https:\/\/blog.iomft.ro\/\"},{\"@type\":\"ListItem\",\"position\":2,\"name\":\"Sufocarea \u00een somn: povestea unui semnal de alarm\u0103\"}]},{\"@type\":\"WebSite\",\"@id\":\"https:\/\/blog.iomft.ro\/#website\",\"url\":\"https:\/\/blog.iomft.ro\/\",\"name\":\"Blog IOMFT\",\"description\":\"\",\"potentialAction\":[{\"@type\":\"SearchAction\",\"target\":{\"@type\":\"EntryPoint\",\"urlTemplate\":\"https:\/\/blog.iomft.ro\/?s={search_term_string}\"},\"query-input\":{\"@type\":\"PropertyValueSpecification\",\"valueRequired\":true,\"valueName\":\"search_term_string\"}}],\"inLanguage\":\"en-US\"},{\"@type\":\"Person\",\"@id\":\"https:\/\/blog.iomft.ro\/#\/schema\/person\/882f06c5c17718c7210d2d7730331b90\",\"name\":\"IOMFT\",\"image\":{\"@type\":\"ImageObject\",\"inLanguage\":\"en-US\",\"@id\":\"https:\/\/blog.iomft.ro\/#\/schema\/person\/image\/\",\"url\":\"https:\/\/secure.gravatar.com\/avatar\/93e304fb662aa8d502d1ee15d4a7c38e94e42985f08f2852935544bb259713f2?s=96&d=mm&r=g\",\"contentUrl\":\"https:\/\/secure.gravatar.com\/avatar\/93e304fb662aa8d502d1ee15d4a7c38e94e42985f08f2852935544bb259713f2?s=96&d=mm&r=g\",\"caption\":\"IOMFT\"},\"url\":\"https:\/\/blog.iomft.ro\/index.php\/author\/mugur-patrascuscreennative-ro\/\"}]}<\/script>\n<!-- \/ Yoast SEO plugin. -->","yoast_head_json":{"title":"Sufocarea \u00een somn: povestea unui semnal de alarm\u0103 - Blog IOMFT","robots":{"index":"noindex","follow":"follow","max-snippet":"max-snippet:-1","max-image-preview":"max-image-preview:large","max-video-preview":"max-video-preview:-1"},"og_locale":"en_US","og_type":"article","og_title":"Sufocarea \u00een somn: povestea unui semnal de alarm\u0103 - Blog IOMFT","og_description":"Imagineaz\u0103-\u021bi o sear\u0103 obi\u0219nuit\u0103: casa e lini\u0219tit\u0103, iar copilul t\u0103u doarme profund \u00een p\u0103tu\u021b. Dintr-odat\u0103, \u00eel auzi sco\u021b\u00e2nd un oftat brusc, ca \u0219i cum l-ar fi \u00een\u021bepat ceva. Tresare, pare...","og_url":"https:\/\/blog.iomft.ro\/index.php\/2025\/07\/11\/sufocarea-in-somn-povestea-unui-semnal-de-alarma\/","og_site_name":"Blog IOMFT","article_published_time":"2025-07-11T11:26:55+00:00","article_modified_time":"2025-12-01T08:11:01+00:00","og_image":[{"width":1140,"height":700,"url":"https:\/\/blog.iomft.ro\/wp-content\/uploads\/2025\/07\/copil-dormind-cu-gura-deschisa-1.png","type":"image\/png"}],"author":"IOMFT","twitter_card":"summary_large_image","twitter_misc":{"Written by":"IOMFT","Est. reading time":"11 minutes"},"schema":{"@context":"https:\/\/schema.org","@graph":[{"@type":"WebPage","@id":"https:\/\/blog.iomft.ro\/index.php\/2025\/07\/11\/sufocarea-in-somn-povestea-unui-semnal-de-alarma\/","url":"https:\/\/blog.iomft.ro\/index.php\/2025\/07\/11\/sufocarea-in-somn-povestea-unui-semnal-de-alarma\/","name":"Sufocarea \u00een somn: povestea unui semnal de alarm\u0103 - Blog IOMFT","isPartOf":{"@id":"https:\/\/blog.iomft.ro\/#website"},"primaryImageOfPage":{"@id":"https:\/\/blog.iomft.ro\/index.php\/2025\/07\/11\/sufocarea-in-somn-povestea-unui-semnal-de-alarma\/#primaryimage"},"image":{"@id":"https:\/\/blog.iomft.ro\/index.php\/2025\/07\/11\/sufocarea-in-somn-povestea-unui-semnal-de-alarma\/#primaryimage"},"thumbnailUrl":"https:\/\/blog.iomft.ro\/wp-content\/uploads\/2025\/07\/copil-dormind-cu-gura-deschisa-1.png","datePublished":"2025-07-11T11:26:55+00:00","dateModified":"2025-12-01T08:11:01+00:00","author":{"@id":"https:\/\/blog.iomft.ro\/#\/schema\/person\/882f06c5c17718c7210d2d7730331b90"},"breadcrumb":{"@id":"https:\/\/blog.iomft.ro\/index.php\/2025\/07\/11\/sufocarea-in-somn-povestea-unui-semnal-de-alarma\/#breadcrumb"},"inLanguage":"en-US","potentialAction":[{"@type":"ReadAction","target":["https:\/\/blog.iomft.ro\/index.php\/2025\/07\/11\/sufocarea-in-somn-povestea-unui-semnal-de-alarma\/"]}]},{"@type":"ImageObject","inLanguage":"en-US","@id":"https:\/\/blog.iomft.ro\/index.php\/2025\/07\/11\/sufocarea-in-somn-povestea-unui-semnal-de-alarma\/#primaryimage","url":"https:\/\/blog.iomft.ro\/wp-content\/uploads\/2025\/07\/copil-dormind-cu-gura-deschisa-1.png","contentUrl":"https:\/\/blog.iomft.ro\/wp-content\/uploads\/2025\/07\/copil-dormind-cu-gura-deschisa-1.png","width":1140,"height":700,"caption":"Apneea in somn la copii"},{"@type":"BreadcrumbList","@id":"https:\/\/blog.iomft.ro\/index.php\/2025\/07\/11\/sufocarea-in-somn-povestea-unui-semnal-de-alarma\/#breadcrumb","itemListElement":[{"@type":"ListItem","position":1,"name":"Home","item":"https:\/\/blog.iomft.ro\/"},{"@type":"ListItem","position":2,"name":"Sufocarea \u00een somn: povestea unui semnal de alarm\u0103"}]},{"@type":"WebSite","@id":"https:\/\/blog.iomft.ro\/#website","url":"https:\/\/blog.iomft.ro\/","name":"Blog IOMFT","description":"","potentialAction":[{"@type":"SearchAction","target":{"@type":"EntryPoint","urlTemplate":"https:\/\/blog.iomft.ro\/?s={search_term_string}"},"query-input":{"@type":"PropertyValueSpecification","valueRequired":true,"valueName":"search_term_string"}}],"inLanguage":"en-US"},{"@type":"Person","@id":"https:\/\/blog.iomft.ro\/#\/schema\/person\/882f06c5c17718c7210d2d7730331b90","name":"IOMFT","image":{"@type":"ImageObject","inLanguage":"en-US","@id":"https:\/\/blog.iomft.ro\/#\/schema\/person\/image\/","url":"https:\/\/secure.gravatar.com\/avatar\/93e304fb662aa8d502d1ee15d4a7c38e94e42985f08f2852935544bb259713f2?s=96&d=mm&r=g","contentUrl":"https:\/\/secure.gravatar.com\/avatar\/93e304fb662aa8d502d1ee15d4a7c38e94e42985f08f2852935544bb259713f2?s=96&d=mm&r=g","caption":"IOMFT"},"url":"https:\/\/blog.iomft.ro\/index.php\/author\/mugur-patrascuscreennative-ro\/"}]}},"_links":{"self":[{"href":"https:\/\/blog.iomft.ro\/index.php\/wp-json\/wp\/v2\/posts\/387","targetHints":{"allow":["GET"]}}],"collection":[{"href":"https:\/\/blog.iomft.ro\/index.php\/wp-json\/wp\/v2\/posts"}],"about":[{"href":"https:\/\/blog.iomft.ro\/index.php\/wp-json\/wp\/v2\/types\/post"}],"author":[{"embeddable":true,"href":"https:\/\/blog.iomft.ro\/index.php\/wp-json\/wp\/v2\/users\/2"}],"replies":[{"embeddable":true,"href":"https:\/\/blog.iomft.ro\/index.php\/wp-json\/wp\/v2\/comments?post=387"}],"version-history":[{"count":2,"href":"https:\/\/blog.iomft.ro\/index.php\/wp-json\/wp\/v2\/posts\/387\/revisions"}],"predecessor-version":[{"id":462,"href":"https:\/\/blog.iomft.ro\/index.php\/wp-json\/wp\/v2\/posts\/387\/revisions\/462"}],"wp:featuredmedia":[{"embeddable":true,"href":"https:\/\/blog.iomft.ro\/index.php\/wp-json\/wp\/v2\/media\/414"}],"wp:attachment":[{"href":"https:\/\/blog.iomft.ro\/index.php\/wp-json\/wp\/v2\/media?parent=387"}],"wp:term":[{"taxonomy":"category","embeddable":true,"href":"https:\/\/blog.iomft.ro\/index.php\/wp-json\/wp\/v2\/categories?post=387"},{"taxonomy":"post_tag","embeddable":true,"href":"https:\/\/blog.iomft.ro\/index.php\/wp-json\/wp\/v2\/tags?post=387"}],"curies":[{"name":"wp","href":"https:\/\/api.w.org\/{rel}","templated":true}]}}