{"id":415,"date":"2025-07-11T12:09:17","date_gmt":"2025-07-11T12:09:17","guid":{"rendered":"https:\/\/blog.iomft.ro\/?p=415"},"modified":"2025-12-01T08:08:08","modified_gmt":"2025-12-01T08:08:08","slug":"tot-ce-trebuie-sa-stii-despre-sufocarea-in-somn-de-la-stramosi-la-provocarile-modernitatii","status":"publish","type":"post","link":"https:\/\/blog.iomft.ro\/index.php\/2025\/07\/11\/tot-ce-trebuie-sa-stii-despre-sufocarea-in-somn-de-la-stramosi-la-provocarile-modernitatii\/","title":{"rendered":"Tot ce trebuie s\u0103 \u0219tii despre sufocarea \u00een somn: de la str\u0103mo\u0219i la provoc\u0103rile modernit\u0103\u021bii"},"content":{"rendered":"\n<p class=\"has-medium-font-size\"><strong>Evolu\u021bia unei amenin\u021b\u0103ri t\u0103cute.<\/strong><\/p>\n\n\n\n<p>\u00cen trecut, oamenii aveau structuri faciale mai largi \u0219i c\u0103i respiratorii nazale generoase, care permiteau un flux natural de aer \u0219i un somn odihnitor. Cu revolu\u021bia industrial\u0103 \u0219i schimb\u0103rile din dieta modern\u0103 \u2013 mai moale, mai procesat\u0103, lipsit\u0103 de alimente ce implic\u0103 mastica\u021bie viguroas\u0103 \u2013 fe\u021bele noastre au \u00eenceput s\u0103 se alungeasc\u0103, maxilarele s-au \u00eengustat, iar sinusurile nu s-au mai dezvoltat la fel de bine. Aceast\u0103 transformare face ca tot mai mul\u021bi dintre noi, adul\u021bi \u0219i copii, s\u0103 aib\u0103 c\u0103i respiratorii par\u021bial blocate sau insuficient dezvoltate.<\/p>\n\n\n\n<figure class=\"wp-block-gallery has-nested-images columns-default is-cropped wp-block-gallery-1 is-layout-flex wp-block-gallery-is-layout-flex\">\n<figure class=\"wp-block-image size-large\"><img loading=\"lazy\" decoding=\"async\" width=\"900\" height=\"680\" data-id=\"453\" src=\"https:\/\/blog.iomft.ro\/wp-content\/uploads\/2025\/07\/plansa-1-900x680.png\" alt=\"\" class=\"wp-image-453\" srcset=\"https:\/\/blog.iomft.ro\/wp-content\/uploads\/2025\/07\/plansa-1-900x680.png 900w, https:\/\/blog.iomft.ro\/wp-content\/uploads\/2025\/07\/plansa-1-510x386.png 510w, https:\/\/blog.iomft.ro\/wp-content\/uploads\/2025\/07\/plansa-1-768x581.png 768w, https:\/\/blog.iomft.ro\/wp-content\/uploads\/2025\/07\/plansa-1-1536x1161.png 1536w, https:\/\/blog.iomft.ro\/wp-content\/uploads\/2025\/07\/plansa-1.png 1868w\" sizes=\"auto, (max-width: 900px) 100vw, 900px\" \/><\/figure>\n<\/figure>\n\n\n\n<p><strong>Cum apare sufocarea \u00een somn?<\/strong><\/p>\n\n\n\n<ul class=\"wp-block-list\">\n<li><strong>Relaxarea excesiv\u0103 a mu\u0219chilor g\u00e2tului \u0219i ai limbii:<\/strong> \u00cen timpul somnului profund, ace\u0219ti mu\u0219chi cedeaz\u0103, iar limba poate aluneca spre spate, \u00eengust\u00e2nd pasajul respirator.<\/li>\n\n\n\n<li><strong>Anatomie facial\u0103 modificat\u0103:<\/strong> Maxilarele \u00eenguste, palate \u00eenalte \u0219i sinusuri mici \u00eencurajeaz\u0103 respira\u021bia pe gur\u0103 \u0219i predispun la colaps par\u021bial al c\u0103ilor aeriene.<\/li>\n<\/ul>\n\n\n\n<p><strong>Consecin\u021ba?<\/strong> Corpul intr\u0103 pentru scurt timp \u00een stare de \u201ealert\u0103\u201d, cauzat\u0103 de lipsa oxigenului. Creierul reac\u021bioneaz\u0103, semnal\u00e2nd \u201etrezirea\u201d printr-un oftat puternic, adesea perceput ca un moment de sufocare.<\/p>\n\n\n\n<figure class=\"wp-block-gallery has-nested-images columns-default is-cropped wp-block-gallery-2 is-layout-flex wp-block-gallery-is-layout-flex\">\n<figure class=\"wp-block-image size-large\"><img loading=\"lazy\" decoding=\"async\" width=\"900\" height=\"633\" data-id=\"454\" src=\"https:\/\/blog.iomft.ro\/wp-content\/uploads\/2025\/07\/poze-canva-12-900x633.png\" alt=\"\" class=\"wp-image-454\" srcset=\"https:\/\/blog.iomft.ro\/wp-content\/uploads\/2025\/07\/poze-canva-12-900x633.png 900w, https:\/\/blog.iomft.ro\/wp-content\/uploads\/2025\/07\/poze-canva-12-510x358.png 510w, https:\/\/blog.iomft.ro\/wp-content\/uploads\/2025\/07\/poze-canva-12-768x540.png 768w, https:\/\/blog.iomft.ro\/wp-content\/uploads\/2025\/07\/poze-canva-12-1536x1080.png 1536w, https:\/\/blog.iomft.ro\/wp-content\/uploads\/2025\/07\/poze-canva-12.png 1972w\" sizes=\"auto, (max-width: 900px) 100vw, 900px\" \/><\/figure>\n<\/figure>\n\n\n\n<p><strong>De ce este at\u00e2t de periculoas\u0103?<\/strong><\/p>\n\n\n\n<ul class=\"wp-block-list\">\n<li><strong>Tulburarea somnului profund:<\/strong> Episoadele repetate de blocaj respirator \u0219i trezire for\u021bat\u0103 fragmenteaz\u0103 somnul, \u00eempiedic\u00e2nd organismul s\u0103 intre \u00een fazele de regenerare (somn NREM profund \u0219i REM).<\/li>\n\n\n\n<li><strong>Efectele asupra creierului:<\/strong> La copii, lipsa de oxigenare adecvat\u0103 \u0219i somnul discontinuu pot perturba dezvoltarea cortexului prefrontal, zona responsabil\u0103 de aten\u021bie, \u00eenv\u0103\u021bare \u0219i comportament.<\/li>\n\n\n\n<li><strong>Impact general:<\/strong> Hormonii de stres elibera\u021bi \u00een timpul momentelor de \u201esufocare\u201d cresc tensiunea arterial\u0103, pot favoriza inflama\u021biile cronice \u0219i altereaz\u0103 echilibrul metabolic.<\/li>\n<\/ul>\n\n\n\n<p><strong>Semnale de alarm\u0103<\/strong><\/p>\n\n\n\n<ul class=\"wp-block-list\">\n<li><strong>Respira\u021bie zgomotoas\u0103 sau pe gur\u0103:<\/strong> Copilul (sau adultul) doarme cu gura deschis\u0103, sfor\u0103ie, se foie\u0219te frecvent \u0219i pare c\u0103 se \u201e\u00eeneac\u0103\u201d \u00een somn.<\/li>\n\n\n\n<li><strong>Dificult\u0103\u021bi de concentrare \u0219i comportament:<\/strong> Un copil neodihnit poate deveni iritabil, neast\u00e2mp\u0103rat \u0219i s\u0103 prezinte simptome asem\u0103n\u0103toare ADHD-ului.<\/li>\n\n\n\n<li><strong>Probleme ortodontice \u0219i anatomice:<\/strong> Maxilare \u00eenguste, din\u021bi \u00eenghesui\u021bi, amigdale sau polipi m\u0103ri\u021bi pot bloca suplimentar c\u0103ile aeriene.<\/li>\n<\/ul>\n\n\n\n<figure class=\"wp-block-gallery has-nested-images columns-default is-cropped wp-block-gallery-3 is-layout-flex wp-block-gallery-is-layout-flex\">\n<figure class=\"wp-block-image size-large\"><img loading=\"lazy\" decoding=\"async\" width=\"900\" height=\"424\" data-id=\"455\" src=\"https:\/\/blog.iomft.ro\/wp-content\/uploads\/2025\/07\/poze-canva-19-900x424.png\" alt=\"\" class=\"wp-image-455\" srcset=\"https:\/\/blog.iomft.ro\/wp-content\/uploads\/2025\/07\/poze-canva-19-900x424.png 900w, https:\/\/blog.iomft.ro\/wp-content\/uploads\/2025\/07\/poze-canva-19-510x240.png 510w, https:\/\/blog.iomft.ro\/wp-content\/uploads\/2025\/07\/poze-canva-19-768x362.png 768w, https:\/\/blog.iomft.ro\/wp-content\/uploads\/2025\/07\/poze-canva-19-1536x723.png 1536w, https:\/\/blog.iomft.ro\/wp-content\/uploads\/2025\/07\/poze-canva-19-2048x964.png 2048w\" sizes=\"auto, (max-width: 900px) 100vw, 900px\" \/><\/figure>\n<\/figure>\n\n\n\n<p><strong>Conexiunea cu dieta \u0219i stilul de via\u021b\u0103<\/strong><\/p>\n\n\n\n<ul class=\"wp-block-list\">\n<li><strong>Dieta moale \u0219i lipsa mastica\u021biei:<\/strong> Alimentele preponderent procesate \u0219i moi reduc stimularea maxilarelor, care astfel r\u0103m\u00e2n \u00eenguste. C\u00e2nd spa\u021biul este limitat, limba nu mai poate sta confortabil pe palat, iar respira\u021bia nazal\u0103 devine dificil\u0103.<\/li>\n\n\n\n<li><strong>Lipsa al\u0103pt\u0103rii prelungite \u0219i frenul lingual:<\/strong> Bebelu\u0219ii care nu se hr\u0103nesc corect la s\u00e2n sau prezint\u0103 un fren scurt \u00ee\u0219i pot forma obiceiul de a respira pe gur\u0103 \u00eenc\u0103 de la c\u00e2teva luni de via\u021b\u0103.<\/li>\n<\/ul>\n\n\n\n<p><strong>Efectele pe termen lung<\/strong><\/p>\n\n\n\n<ul class=\"wp-block-list\">\n<li><strong>Cre\u0219tere \u0219i dezvoltare:<\/strong> O respira\u021bie eficient\u0103 \u0219i un somn suficient ajut\u0103 la secre\u021bia optim\u0103 a hormonilor de cre\u0219tere \u0219i la maturarea s\u0103n\u0103toas\u0103 a creierului.<\/li>\n\n\n\n<li><strong>Performan\u021be \u0219colare \u0219i comportamentale:<\/strong> Somnul fragmentat poate duce la probleme de aten\u021bie, hiperactivitate \u0219i dificult\u0103\u021bi de \u00eenv\u0103\u021bare.<\/li>\n\n\n\n<li><strong>Risc pentru afec\u021biuni cronice:<\/strong> Un somn de proast\u0103 calitate se asociaz\u0103 cu obezitatea, bolile cardiovasculare, diabetul \u0219i alte probleme inflamatorii.<\/li>\n<\/ul>\n\n\n\n<figure class=\"wp-block-gallery has-nested-images columns-default is-cropped wp-block-gallery-4 is-layout-flex wp-block-gallery-is-layout-flex\">\n<figure class=\"wp-block-image size-large\"><img loading=\"lazy\" decoding=\"async\" width=\"900\" height=\"506\" data-id=\"456\" src=\"https:\/\/blog.iomft.ro\/wp-content\/uploads\/2025\/07\/poze-canva-16-900x506.png\" alt=\"\" class=\"wp-image-456\" srcset=\"https:\/\/blog.iomft.ro\/wp-content\/uploads\/2025\/07\/poze-canva-16-900x506.png 900w, https:\/\/blog.iomft.ro\/wp-content\/uploads\/2025\/07\/poze-canva-16-510x287.png 510w, https:\/\/blog.iomft.ro\/wp-content\/uploads\/2025\/07\/poze-canva-16-768x432.png 768w, https:\/\/blog.iomft.ro\/wp-content\/uploads\/2025\/07\/poze-canva-16-1536x864.png 1536w, https:\/\/blog.iomft.ro\/wp-content\/uploads\/2025\/07\/poze-canva-16-2048x1152.png 2048w\" sizes=\"auto, (max-width: 900px) 100vw, 900px\" \/><\/figure>\n<\/figure>\n\n\n\n<p><strong>Ce putem face<\/strong>?<\/p>\n\n\n\n<ol class=\"wp-block-list\">\n<li><strong>Identificarea timpurie:<\/strong> Observa\u021bi copiii \u00een primele ore de somn, c\u0103uta\u021bi pauze respiratorii, sfor\u0103it \u0219i respira\u021bie pe gur\u0103.<\/li>\n\n\n\n<li><strong>Evaluare medical\u0103 \u0219i dentar\u0103:<\/strong> Control ORL (polipi, amigdale mari), ortodont (maxilare \u00eenguste, din\u021bi \u00eenghesui\u021bi), fren lingual.<\/li>\n\n\n\n<li><strong>Terapie miofunc\u021bional\u0103 \u0219i metode de reantrenare a respira\u021biei:<\/strong> Exerci\u021bii pentru pozi\u021bionarea corect\u0103 a limbii, respira\u021bia nazal\u0103 \u0219i \u00eenghi\u021bire corect\u0103.<\/li>\n\n\n\n<li><strong>Adaptarea dietei:<\/strong> Introducerea alimentelor ce necesit\u0103 mestecat, reducerea zaharurilor \u0219i evitarea hranei exclusiv moi.<\/li>\n\n\n\n<li><strong>Posibile interven\u021bii ortodontice sau chirurgicale:<\/strong> Expansiunea palatului pentru a l\u0103rgi c\u0103ile nazale, \u00eendep\u0103rtarea amigdalelor sau polipilor \u00een cazurile severe.<\/li>\n<\/ol>\n\n\n\n<p class=\"has-medium-font-size\"><strong>\u00cen concluzie<\/strong> <\/p>\n\n\n\n<p>Sufocarea \u00een somn nu e doar un eveniment inconfortabil; este strig\u0103tul corpului c\u0103 nu prime\u0219te suficient aer. \u00cen era modern\u0103, cauzele pornesc de la transform\u0103rile anatomice ale fe\u021bei p\u00e2n\u0103 la dieta moale \u0219i lipsa unei respira\u021bii nazale adecvate. Dar, printr-o abordare interdisciplinar\u0103 \u0219i aten\u021bie sporit\u0103 \u00eenc\u0103 din copil\u0103rie, putem preveni \u0219i trata aceste probleme, asigur\u00e2nd copiilor no\u0219tri (\u0219i nou\u0103 \u00een\u0219ine) condi\u021biile optime pentru un somn profund, o respira\u021bie corect\u0103 \u0219i o s\u0103n\u0103tate robust\u0103.<\/p>\n","protected":false},"excerpt":{"rendered":"<p>Evolu\u021bia unei amenin\u021b\u0103ri t\u0103cute. \u00cen trecut, oamenii aveau structuri faciale mai largi \u0219i c\u0103i respiratorii nazale generoase, care permiteau un flux natural de aer \u0219i un somn odihnitor. Cu revolu\u021bia&#8230;<\/p>\n","protected":false},"author":2,"featured_media":417,"comment_status":"open","ping_status":"open","sticky":false,"template":"","format":"standard","meta":{"_acf_changed":false,"footnotes":""},"categories":[19,18,17],"tags":[],"class_list":["post-415","post","type-post","status-publish","format-standard","has-post-thumbnail","hentry","category-respiratia-orala","category-sforaitul","category-sufocarea"],"acf":[],"yoast_head":"<!-- This site is optimized with the Yoast SEO plugin v24.6 - https:\/\/yoast.com\/wordpress\/plugins\/seo\/ -->\n<title>Tot ce trebuie s\u0103 \u0219tii despre sufocarea \u00een somn: de la str\u0103mo\u0219i la provoc\u0103rile modernit\u0103\u021bii - Blog IOMFT<\/title>\n<meta name=\"robots\" content=\"noindex, follow, max-snippet:-1, max-image-preview:large, max-video-preview:-1\" \/>\n<meta property=\"og:locale\" content=\"en_US\" \/>\n<meta property=\"og:type\" content=\"article\" \/>\n<meta property=\"og:title\" content=\"Tot ce trebuie s\u0103 \u0219tii despre sufocarea \u00een somn: de la str\u0103mo\u0219i la provoc\u0103rile modernit\u0103\u021bii - Blog IOMFT\" \/>\n<meta property=\"og:description\" content=\"Evolu\u021bia unei amenin\u021b\u0103ri t\u0103cute. \u00cen trecut, oamenii aveau structuri faciale mai largi \u0219i c\u0103i respiratorii nazale generoase, care permiteau un flux natural de aer \u0219i un somn odihnitor. Cu revolu\u021bia...\" \/>\n<meta property=\"og:url\" content=\"https:\/\/blog.iomft.ro\/index.php\/2025\/07\/11\/tot-ce-trebuie-sa-stii-despre-sufocarea-in-somn-de-la-stramosi-la-provocarile-modernitatii\/\" \/>\n<meta property=\"og:site_name\" content=\"Blog IOMFT\" \/>\n<meta property=\"article:published_time\" content=\"2025-07-11T12:09:17+00:00\" \/>\n<meta property=\"article:modified_time\" content=\"2025-12-01T08:08:08+00:00\" \/>\n<meta property=\"og:image\" content=\"https:\/\/blog.iomft.ro\/wp-content\/uploads\/2025\/07\/copil-dormind-cu-gura-deschisa-2.png\" \/>\n\t<meta property=\"og:image:width\" content=\"1000\" \/>\n\t<meta property=\"og:image:height\" content=\"603\" \/>\n\t<meta property=\"og:image:type\" content=\"image\/png\" \/>\n<meta name=\"author\" content=\"IOMFT\" \/>\n<meta name=\"twitter:card\" content=\"summary_large_image\" \/>\n<meta name=\"twitter:label1\" content=\"Written by\" \/>\n\t<meta name=\"twitter:data1\" content=\"IOMFT\" \/>\n\t<meta name=\"twitter:label2\" content=\"Est. reading time\" \/>\n\t<meta name=\"twitter:data2\" content=\"4 minutes\" \/>\n<script type=\"application\/ld+json\" class=\"yoast-schema-graph\">{\"@context\":\"https:\/\/schema.org\",\"@graph\":[{\"@type\":\"WebPage\",\"@id\":\"https:\/\/blog.iomft.ro\/index.php\/2025\/07\/11\/tot-ce-trebuie-sa-stii-despre-sufocarea-in-somn-de-la-stramosi-la-provocarile-modernitatii\/\",\"url\":\"https:\/\/blog.iomft.ro\/index.php\/2025\/07\/11\/tot-ce-trebuie-sa-stii-despre-sufocarea-in-somn-de-la-stramosi-la-provocarile-modernitatii\/\",\"name\":\"Tot ce trebuie s\u0103 \u0219tii despre sufocarea \u00een somn: de la str\u0103mo\u0219i la provoc\u0103rile modernit\u0103\u021bii - Blog IOMFT\",\"isPartOf\":{\"@id\":\"https:\/\/blog.iomft.ro\/#website\"},\"primaryImageOfPage\":{\"@id\":\"https:\/\/blog.iomft.ro\/index.php\/2025\/07\/11\/tot-ce-trebuie-sa-stii-despre-sufocarea-in-somn-de-la-stramosi-la-provocarile-modernitatii\/#primaryimage\"},\"image\":{\"@id\":\"https:\/\/blog.iomft.ro\/index.php\/2025\/07\/11\/tot-ce-trebuie-sa-stii-despre-sufocarea-in-somn-de-la-stramosi-la-provocarile-modernitatii\/#primaryimage\"},\"thumbnailUrl\":\"https:\/\/blog.iomft.ro\/wp-content\/uploads\/2025\/07\/copil-dormind-cu-gura-deschisa-2.png\",\"datePublished\":\"2025-07-11T12:09:17+00:00\",\"dateModified\":\"2025-12-01T08:08:08+00:00\",\"author\":{\"@id\":\"https:\/\/blog.iomft.ro\/#\/schema\/person\/882f06c5c17718c7210d2d7730331b90\"},\"breadcrumb\":{\"@id\":\"https:\/\/blog.iomft.ro\/index.php\/2025\/07\/11\/tot-ce-trebuie-sa-stii-despre-sufocarea-in-somn-de-la-stramosi-la-provocarile-modernitatii\/#breadcrumb\"},\"inLanguage\":\"en-US\",\"potentialAction\":[{\"@type\":\"ReadAction\",\"target\":[\"https:\/\/blog.iomft.ro\/index.php\/2025\/07\/11\/tot-ce-trebuie-sa-stii-despre-sufocarea-in-somn-de-la-stramosi-la-provocarile-modernitatii\/\"]}]},{\"@type\":\"ImageObject\",\"inLanguage\":\"en-US\",\"@id\":\"https:\/\/blog.iomft.ro\/index.php\/2025\/07\/11\/tot-ce-trebuie-sa-stii-despre-sufocarea-in-somn-de-la-stramosi-la-provocarile-modernitatii\/#primaryimage\",\"url\":\"https:\/\/blog.iomft.ro\/wp-content\/uploads\/2025\/07\/copil-dormind-cu-gura-deschisa-2.png\",\"contentUrl\":\"https:\/\/blog.iomft.ro\/wp-content\/uploads\/2025\/07\/copil-dormind-cu-gura-deschisa-2.png\",\"width\":1000,\"height\":603},{\"@type\":\"BreadcrumbList\",\"@id\":\"https:\/\/blog.iomft.ro\/index.php\/2025\/07\/11\/tot-ce-trebuie-sa-stii-despre-sufocarea-in-somn-de-la-stramosi-la-provocarile-modernitatii\/#breadcrumb\",\"itemListElement\":[{\"@type\":\"ListItem\",\"position\":1,\"name\":\"Home\",\"item\":\"https:\/\/blog.iomft.ro\/\"},{\"@type\":\"ListItem\",\"position\":2,\"name\":\"Tot ce trebuie s\u0103 \u0219tii despre sufocarea \u00een somn: de la str\u0103mo\u0219i la provoc\u0103rile modernit\u0103\u021bii\"}]},{\"@type\":\"WebSite\",\"@id\":\"https:\/\/blog.iomft.ro\/#website\",\"url\":\"https:\/\/blog.iomft.ro\/\",\"name\":\"Blog IOMFT\",\"description\":\"\",\"potentialAction\":[{\"@type\":\"SearchAction\",\"target\":{\"@type\":\"EntryPoint\",\"urlTemplate\":\"https:\/\/blog.iomft.ro\/?s={search_term_string}\"},\"query-input\":{\"@type\":\"PropertyValueSpecification\",\"valueRequired\":true,\"valueName\":\"search_term_string\"}}],\"inLanguage\":\"en-US\"},{\"@type\":\"Person\",\"@id\":\"https:\/\/blog.iomft.ro\/#\/schema\/person\/882f06c5c17718c7210d2d7730331b90\",\"name\":\"IOMFT\",\"image\":{\"@type\":\"ImageObject\",\"inLanguage\":\"en-US\",\"@id\":\"https:\/\/blog.iomft.ro\/#\/schema\/person\/image\/\",\"url\":\"https:\/\/secure.gravatar.com\/avatar\/93e304fb662aa8d502d1ee15d4a7c38e94e42985f08f2852935544bb259713f2?s=96&d=mm&r=g\",\"contentUrl\":\"https:\/\/secure.gravatar.com\/avatar\/93e304fb662aa8d502d1ee15d4a7c38e94e42985f08f2852935544bb259713f2?s=96&d=mm&r=g\",\"caption\":\"IOMFT\"},\"url\":\"https:\/\/blog.iomft.ro\/index.php\/author\/mugur-patrascuscreennative-ro\/\"}]}<\/script>\n<!-- \/ Yoast SEO plugin. -->","yoast_head_json":{"title":"Tot ce trebuie s\u0103 \u0219tii despre sufocarea \u00een somn: de la str\u0103mo\u0219i la provoc\u0103rile modernit\u0103\u021bii - Blog IOMFT","robots":{"index":"noindex","follow":"follow","max-snippet":"max-snippet:-1","max-image-preview":"max-image-preview:large","max-video-preview":"max-video-preview:-1"},"og_locale":"en_US","og_type":"article","og_title":"Tot ce trebuie s\u0103 \u0219tii despre sufocarea \u00een somn: de la str\u0103mo\u0219i la provoc\u0103rile modernit\u0103\u021bii - Blog IOMFT","og_description":"Evolu\u021bia unei amenin\u021b\u0103ri t\u0103cute. \u00cen trecut, oamenii aveau structuri faciale mai largi \u0219i c\u0103i respiratorii nazale generoase, care permiteau un flux natural de aer \u0219i un somn odihnitor. Cu revolu\u021bia...","og_url":"https:\/\/blog.iomft.ro\/index.php\/2025\/07\/11\/tot-ce-trebuie-sa-stii-despre-sufocarea-in-somn-de-la-stramosi-la-provocarile-modernitatii\/","og_site_name":"Blog IOMFT","article_published_time":"2025-07-11T12:09:17+00:00","article_modified_time":"2025-12-01T08:08:08+00:00","og_image":[{"width":1000,"height":603,"url":"https:\/\/blog.iomft.ro\/wp-content\/uploads\/2025\/07\/copil-dormind-cu-gura-deschisa-2.png","type":"image\/png"}],"author":"IOMFT","twitter_card":"summary_large_image","twitter_misc":{"Written by":"IOMFT","Est. reading time":"4 minutes"},"schema":{"@context":"https:\/\/schema.org","@graph":[{"@type":"WebPage","@id":"https:\/\/blog.iomft.ro\/index.php\/2025\/07\/11\/tot-ce-trebuie-sa-stii-despre-sufocarea-in-somn-de-la-stramosi-la-provocarile-modernitatii\/","url":"https:\/\/blog.iomft.ro\/index.php\/2025\/07\/11\/tot-ce-trebuie-sa-stii-despre-sufocarea-in-somn-de-la-stramosi-la-provocarile-modernitatii\/","name":"Tot ce trebuie s\u0103 \u0219tii despre sufocarea \u00een somn: de la str\u0103mo\u0219i la provoc\u0103rile modernit\u0103\u021bii - Blog IOMFT","isPartOf":{"@id":"https:\/\/blog.iomft.ro\/#website"},"primaryImageOfPage":{"@id":"https:\/\/blog.iomft.ro\/index.php\/2025\/07\/11\/tot-ce-trebuie-sa-stii-despre-sufocarea-in-somn-de-la-stramosi-la-provocarile-modernitatii\/#primaryimage"},"image":{"@id":"https:\/\/blog.iomft.ro\/index.php\/2025\/07\/11\/tot-ce-trebuie-sa-stii-despre-sufocarea-in-somn-de-la-stramosi-la-provocarile-modernitatii\/#primaryimage"},"thumbnailUrl":"https:\/\/blog.iomft.ro\/wp-content\/uploads\/2025\/07\/copil-dormind-cu-gura-deschisa-2.png","datePublished":"2025-07-11T12:09:17+00:00","dateModified":"2025-12-01T08:08:08+00:00","author":{"@id":"https:\/\/blog.iomft.ro\/#\/schema\/person\/882f06c5c17718c7210d2d7730331b90"},"breadcrumb":{"@id":"https:\/\/blog.iomft.ro\/index.php\/2025\/07\/11\/tot-ce-trebuie-sa-stii-despre-sufocarea-in-somn-de-la-stramosi-la-provocarile-modernitatii\/#breadcrumb"},"inLanguage":"en-US","potentialAction":[{"@type":"ReadAction","target":["https:\/\/blog.iomft.ro\/index.php\/2025\/07\/11\/tot-ce-trebuie-sa-stii-despre-sufocarea-in-somn-de-la-stramosi-la-provocarile-modernitatii\/"]}]},{"@type":"ImageObject","inLanguage":"en-US","@id":"https:\/\/blog.iomft.ro\/index.php\/2025\/07\/11\/tot-ce-trebuie-sa-stii-despre-sufocarea-in-somn-de-la-stramosi-la-provocarile-modernitatii\/#primaryimage","url":"https:\/\/blog.iomft.ro\/wp-content\/uploads\/2025\/07\/copil-dormind-cu-gura-deschisa-2.png","contentUrl":"https:\/\/blog.iomft.ro\/wp-content\/uploads\/2025\/07\/copil-dormind-cu-gura-deschisa-2.png","width":1000,"height":603},{"@type":"BreadcrumbList","@id":"https:\/\/blog.iomft.ro\/index.php\/2025\/07\/11\/tot-ce-trebuie-sa-stii-despre-sufocarea-in-somn-de-la-stramosi-la-provocarile-modernitatii\/#breadcrumb","itemListElement":[{"@type":"ListItem","position":1,"name":"Home","item":"https:\/\/blog.iomft.ro\/"},{"@type":"ListItem","position":2,"name":"Tot ce trebuie s\u0103 \u0219tii despre sufocarea \u00een somn: de la str\u0103mo\u0219i la provoc\u0103rile modernit\u0103\u021bii"}]},{"@type":"WebSite","@id":"https:\/\/blog.iomft.ro\/#website","url":"https:\/\/blog.iomft.ro\/","name":"Blog IOMFT","description":"","potentialAction":[{"@type":"SearchAction","target":{"@type":"EntryPoint","urlTemplate":"https:\/\/blog.iomft.ro\/?s={search_term_string}"},"query-input":{"@type":"PropertyValueSpecification","valueRequired":true,"valueName":"search_term_string"}}],"inLanguage":"en-US"},{"@type":"Person","@id":"https:\/\/blog.iomft.ro\/#\/schema\/person\/882f06c5c17718c7210d2d7730331b90","name":"IOMFT","image":{"@type":"ImageObject","inLanguage":"en-US","@id":"https:\/\/blog.iomft.ro\/#\/schema\/person\/image\/","url":"https:\/\/secure.gravatar.com\/avatar\/93e304fb662aa8d502d1ee15d4a7c38e94e42985f08f2852935544bb259713f2?s=96&d=mm&r=g","contentUrl":"https:\/\/secure.gravatar.com\/avatar\/93e304fb662aa8d502d1ee15d4a7c38e94e42985f08f2852935544bb259713f2?s=96&d=mm&r=g","caption":"IOMFT"},"url":"https:\/\/blog.iomft.ro\/index.php\/author\/mugur-patrascuscreennative-ro\/"}]}},"_links":{"self":[{"href":"https:\/\/blog.iomft.ro\/index.php\/wp-json\/wp\/v2\/posts\/415","targetHints":{"allow":["GET"]}}],"collection":[{"href":"https:\/\/blog.iomft.ro\/index.php\/wp-json\/wp\/v2\/posts"}],"about":[{"href":"https:\/\/blog.iomft.ro\/index.php\/wp-json\/wp\/v2\/types\/post"}],"author":[{"embeddable":true,"href":"https:\/\/blog.iomft.ro\/index.php\/wp-json\/wp\/v2\/users\/2"}],"replies":[{"embeddable":true,"href":"https:\/\/blog.iomft.ro\/index.php\/wp-json\/wp\/v2\/comments?post=415"}],"version-history":[{"count":2,"href":"https:\/\/blog.iomft.ro\/index.php\/wp-json\/wp\/v2\/posts\/415\/revisions"}],"predecessor-version":[{"id":457,"href":"https:\/\/blog.iomft.ro\/index.php\/wp-json\/wp\/v2\/posts\/415\/revisions\/457"}],"wp:featuredmedia":[{"embeddable":true,"href":"https:\/\/blog.iomft.ro\/index.php\/wp-json\/wp\/v2\/media\/417"}],"wp:attachment":[{"href":"https:\/\/blog.iomft.ro\/index.php\/wp-json\/wp\/v2\/media?parent=415"}],"wp:term":[{"taxonomy":"category","embeddable":true,"href":"https:\/\/blog.iomft.ro\/index.php\/wp-json\/wp\/v2\/categories?post=415"},{"taxonomy":"post_tag","embeddable":true,"href":"https:\/\/blog.iomft.ro\/index.php\/wp-json\/wp\/v2\/tags?post=415"}],"curies":[{"name":"wp","href":"https:\/\/api.w.org\/{rel}","templated":true}]}}