{"id":422,"date":"2025-09-15T09:56:01","date_gmt":"2025-09-15T09:56:01","guid":{"rendered":"https:\/\/blog.iomft.ro\/?p=422"},"modified":"2025-12-01T08:04:06","modified_gmt":"2025-12-01T08:04:06","slug":"frenul-lingual-scurt-un-detaliu-ignorat-care-afecteaza-vorbirea-ocluzia-si-dezvoltarea-copilului","status":"publish","type":"post","link":"https:\/\/blog.iomft.ro\/index.php\/2025\/09\/15\/frenul-lingual-scurt-un-detaliu-ignorat-care-afecteaza-vorbirea-ocluzia-si-dezvoltarea-copilului\/","title":{"rendered":"Frenul lingual scurt \u2013 un detaliu ignorat care afecteaz\u0103 vorbirea, ocluzia \u0219i dezvoltarea copilului"},"content":{"rendered":"\n<p><strong>\u0218tia\u021bi c\u0103 un fren sublingual scurt (ankyloglosia) poate fi responsabil pentru dificult\u0103\u021bi de vorbire, malocluzie dentar\u0103 \u0219i probleme de degluti\u021bie?<\/strong> De\u0219i este adesea trecut cu vederea, acest detaliu anatomic joac\u0103 un rol esen\u021bial \u00een dezvoltarea armonioas\u0103 a copiilor \u0219i \u00een s\u0103n\u0103tatea oral\u0103 general\u0103.<br><\/p>\n\n\n\n<p>Un studiu recent intitulat <strong>\u201eInfluence of Shortened Tongue Frenulum on Tongue Mobility, Speech and Occlusion\u201d<\/strong>, publicat \u00een <em>Journal of Clinical Medicine<\/em> (2023), a analizat impactul frenului lingual scurt asupra func\u021biilor orale de baz\u0103: <strong>vorbirea, degluti\u021bia, pozi\u021bia limbii \u0219i ocluzia dentar\u0103<\/strong>, \u00een r\u00e2ndul a 172 de pacien\u021bi cu v\u00e2rste \u00eentre 5 \u0219i 60 de ani.<br><\/p>\n\n\n\n<h2 class=\"wp-block-heading\"><strong>Ce este frenul lingual \u0219i cum poate afecta s\u0103n\u0103tatea?<\/strong><\/h2>\n\n\n\n<figure class=\"wp-block-image size-large\"><img loading=\"lazy\" decoding=\"async\" width=\"900\" height=\"900\" src=\"https:\/\/blog.iomft.ro\/wp-content\/uploads\/2025\/09\/fren-sublingual-1-900x900.png\" alt=\"\" class=\"wp-image-423\" srcset=\"https:\/\/blog.iomft.ro\/wp-content\/uploads\/2025\/09\/fren-sublingual-1-900x900.png 900w, https:\/\/blog.iomft.ro\/wp-content\/uploads\/2025\/09\/fren-sublingual-1-510x510.png 510w, https:\/\/blog.iomft.ro\/wp-content\/uploads\/2025\/09\/fren-sublingual-1-150x150.png 150w, https:\/\/blog.iomft.ro\/wp-content\/uploads\/2025\/09\/fren-sublingual-1-768x768.png 768w, https:\/\/blog.iomft.ro\/wp-content\/uploads\/2025\/09\/fren-sublingual-1.png 1200w\" sizes=\"auto, (max-width: 900px) 100vw, 900px\" \/><\/figure>\n\n\n\n<p><strong>Frenul lingual<\/strong> este o band\u0103 sub\u021bire de \u021besut care leag\u0103 partea inferioar\u0103 a limbii de plan\u0219eul bucal. C\u00e2nd acest fren este prea scurt sau gros, <strong>limba nu se poate mi\u0219ca liber<\/strong>, ceea ce poate perturba func\u021bii esen\u021biale:<\/p>\n\n\n\n<ul class=\"wp-block-list\">\n<li>copilul nu poate ridica limba \u00een timpul vorbirii;<br><\/li>\n\n\n\n<li>nu poate atinge palatul pentru a \u00eenghi\u021bi corect;<br><\/li>\n\n\n\n<li>\u00ee\u0219i men\u021bine limba jos, afect\u00e2nd respira\u021bia, pozi\u021bia maxilarului \u0219i mu\u0219c\u0103tura.<br><\/li>\n<\/ul>\n\n\n\n<p>Aceast\u0103 afec\u021biune poart\u0103 numele de <strong>ankyloglosie<\/strong> sau \u201elimb\u0103 ancorat\u0103\u201d.<\/p>\n\n\n\n<h2 class=\"wp-block-heading\"><strong>Ce au descoperit cercet\u0103torii?<\/strong><\/h2>\n\n\n\n<figure class=\"wp-block-gallery has-nested-images columns-default is-cropped wp-block-gallery-1 is-layout-flex wp-block-gallery-is-layout-flex\">\n<figure class=\"wp-block-image size-large\"><img loading=\"lazy\" decoding=\"async\" width=\"900\" height=\"900\" data-id=\"426\" src=\"https:\/\/blog.iomft.ro\/wp-content\/uploads\/2025\/09\/fren-sublingual-2-900x900.png\" alt=\"\" class=\"wp-image-426\" srcset=\"https:\/\/blog.iomft.ro\/wp-content\/uploads\/2025\/09\/fren-sublingual-2-900x900.png 900w, https:\/\/blog.iomft.ro\/wp-content\/uploads\/2025\/09\/fren-sublingual-2-510x510.png 510w, https:\/\/blog.iomft.ro\/wp-content\/uploads\/2025\/09\/fren-sublingual-2-150x150.png 150w, https:\/\/blog.iomft.ro\/wp-content\/uploads\/2025\/09\/fren-sublingual-2-768x768.png 768w, https:\/\/blog.iomft.ro\/wp-content\/uploads\/2025\/09\/fren-sublingual-2.png 1200w\" sizes=\"auto, (max-width: 900px) 100vw, 900px\" \/><\/figure>\n<\/figure>\n\n\n\n<p>\u00cen compara\u021bie cu persoanele cu fren normal, cei cu ankiloglosie prezentau:<\/p>\n\n\n\n<p>\u2705 <strong>De 3 ori mai multe tulbur\u0103ri de degluti\u021bie infantil\u0103<\/strong> \u2013 \u00een loc s\u0103 \u00eenghit\u0103 corect cu limba pe cerul gurii, ace\u0219tia foloseau un model infantil, \u00eemping\u00e2nd limba \u00eentre din\u021bi.<\/p>\n\n\n\n<p>\u2705 <strong>Peste 70% dintre cei cu fren sever aveau mobilitate redus\u0103 a limbii<\/strong>, afect\u00e2nd func\u021biile oro-faciale normale.<\/p>\n\n\n\n<p>\u2705 <strong>Aproape 50% prezentau tulbur\u0103ri de vorbire<\/strong>, \u00een special dificult\u0103\u021bi \u00een pronun\u021bia consoanei \u201er\u201d (rhotacism) sau a sunetelor \u201es\u201d \u0219i \u201e\u0219\u201d (lisping).<\/p>\n\n\n\n<p>\u2705 <strong>Malocluzia (pozi\u021bionarea gre\u0219it\u0103 a din\u021bilor)<\/strong> a fost identificat\u0103 la 62% dintre pacien\u021bii cu fren scurt, comparativ cu doar 21% \u00een grupul de control.<\/p>\n\n\n\n<h2 class=\"wp-block-heading\"><strong>Ce riscuri implic\u0103 un fren lingual netratat?<\/strong><\/h2>\n\n\n\n<p>Un fren sublingual scurt, netratat la timp, poate conduce la:<\/p>\n\n\n\n<ul class=\"wp-block-list\">\n<li><strong>Vorbire defectuoas\u0103 \u0219i frustr\u0103ri sociale<\/strong> la copii;<br><\/li>\n\n\n\n<li><strong>\u00cenghesuiri dentare<\/strong>, mu\u0219c\u0103tur\u0103 deschis\u0103 sau ocluzie incorect\u0103;<br><\/li>\n\n\n\n<li><strong>Respira\u021bie oral\u0103 cronic\u0103<\/strong>;<br><\/li>\n<\/ul>\n\n\n\n<p><strong>Tulbur\u0103ri miofunc\u021bionale<\/strong> care afecteaz\u0103 mastica\u021bia, somnul \u0219i dezvoltarea postural\u0103.<\/p>\n\n\n\n<figure class=\"wp-block-gallery has-nested-images columns-default is-cropped wp-block-gallery-2 is-layout-flex wp-block-gallery-is-layout-flex\">\n<figure class=\"wp-block-image size-large\"><img loading=\"lazy\" decoding=\"async\" width=\"900\" height=\"900\" data-id=\"424\" src=\"https:\/\/blog.iomft.ro\/wp-content\/uploads\/2025\/09\/exemplu-fren-sublingual-900x900.png\" alt=\"\" class=\"wp-image-424\" srcset=\"https:\/\/blog.iomft.ro\/wp-content\/uploads\/2025\/09\/exemplu-fren-sublingual-900x900.png 900w, https:\/\/blog.iomft.ro\/wp-content\/uploads\/2025\/09\/exemplu-fren-sublingual-510x510.png 510w, https:\/\/blog.iomft.ro\/wp-content\/uploads\/2025\/09\/exemplu-fren-sublingual-150x150.png 150w, https:\/\/blog.iomft.ro\/wp-content\/uploads\/2025\/09\/exemplu-fren-sublingual-768x768.png 768w, https:\/\/blog.iomft.ro\/wp-content\/uploads\/2025\/09\/exemplu-fren-sublingual.png 1200w\" sizes=\"auto, (max-width: 900px) 100vw, 900px\" \/><\/figure>\n<\/figure>\n\n\n\n<h2 class=\"wp-block-heading\"><strong>De ce este important s\u0103 ac\u021bion\u0103m devreme?<\/strong><\/h2>\n\n\n\n<p>Un fren lingual scurt poate p\u0103rea un detaliu minor, dar impactul s\u0103u asupra dezvolt\u0103rii copilului este <strong>profund \u0219i cumulativ<\/strong>. L\u0103sat netratat, poate influen\u021ba totul: de la respira\u021bie \u0219i somn p\u00e2n\u0103 la vorbire, ocluzie \u0219i \u00eencrederea \u00een sine.<\/p>\n\n\n\n<p><strong>Screeningul precoce \u0219i educa\u021bia func\u021bional\u0103 pot preveni tratamente complexe mai t\u00e2rziu.<\/strong><\/p>\n\n\n\n<figure class=\"wp-block-gallery has-nested-images columns-default is-cropped wp-block-gallery-3 is-layout-flex wp-block-gallery-is-layout-flex\">\n<figure class=\"wp-block-image size-large\"><img loading=\"lazy\" decoding=\"async\" width=\"900\" height=\"532\" data-id=\"447\" src=\"https:\/\/blog.iomft.ro\/wp-content\/uploads\/2025\/09\/poze-canva-11-900x532.png\" alt=\"\" class=\"wp-image-447\" srcset=\"https:\/\/blog.iomft.ro\/wp-content\/uploads\/2025\/09\/poze-canva-11-900x532.png 900w, https:\/\/blog.iomft.ro\/wp-content\/uploads\/2025\/09\/poze-canva-11-510x301.png 510w, https:\/\/blog.iomft.ro\/wp-content\/uploads\/2025\/09\/poze-canva-11-768x454.png 768w, https:\/\/blog.iomft.ro\/wp-content\/uploads\/2025\/09\/poze-canva-11-1536x908.png 1536w, https:\/\/blog.iomft.ro\/wp-content\/uploads\/2025\/09\/poze-canva-11-2048x1211.png 2048w\" sizes=\"auto, (max-width: 900px) 100vw, 900px\" \/><\/figure>\n<\/figure>\n\n\n\n<h2 class=\"wp-block-heading\"><strong>Concluzie<\/strong><\/h2>\n\n\n\n<p>Nu subestima\u021bi puterea unui <strong>fren sublingual aparent banal<\/strong>. Evaluarea \u0219i tratamentul corect pot transforma func\u021bia, dezvoltarea cranio-facial\u0103 \u0219i calitatea vie\u021bii copilului.<\/p>\n\n\n\n<p>Un copil care \u00eenghite corect, vorbe\u0219te clar \u0219i respir\u0103 bine este un copil care se dezvolt\u0103 armonios.<\/p>\n\n\n\n<figure class=\"wp-block-image size-large\"><img loading=\"lazy\" decoding=\"async\" width=\"900\" height=\"900\" src=\"https:\/\/blog.iomft.ro\/wp-content\/uploads\/2025\/09\/fren-sublingual-3-900x900.png\" alt=\"\" class=\"wp-image-425\" srcset=\"https:\/\/blog.iomft.ro\/wp-content\/uploads\/2025\/09\/fren-sublingual-3-900x900.png 900w, https:\/\/blog.iomft.ro\/wp-content\/uploads\/2025\/09\/fren-sublingual-3-510x510.png 510w, https:\/\/blog.iomft.ro\/wp-content\/uploads\/2025\/09\/fren-sublingual-3-150x150.png 150w, https:\/\/blog.iomft.ro\/wp-content\/uploads\/2025\/09\/fren-sublingual-3-768x768.png 768w, https:\/\/blog.iomft.ro\/wp-content\/uploads\/2025\/09\/fren-sublingual-3.png 1200w\" sizes=\"auto, (max-width: 900px) 100vw, 900px\" \/><\/figure>\n\n\n\n<h2 class=\"wp-block-heading\"><strong>Ce este IOMFT?<\/strong><\/h2>\n\n\n\n<p><strong>IOMFT (Institutul de Ortoposturologie \u0219i Terapie Orofacial\u0103 Miofunc\u021bional\u0103 din Rom\u00e2nia)<\/strong>&nbsp;este un centru interdisciplinar dedicat preven\u021biei \u0219i tratamentului tulbur\u0103rilor respiratorii \u0219i miofunc\u021bionale la copii. Prin reunirea speciali\u0219tilor din domenii precum ORL, ortodon\u021bie, terapie miofunc\u021bional\u0103, logopedie, pediatrie, kinetoterapie \u0219i osteopatie, IOMFT promoveaz\u0103 o abordare integrat\u0103 a s\u0103n\u0103t\u0103\u021bii copilului.<br>Scopul principal al institutului este de a oferi solu\u021bii \u0219i educa\u021bie, at\u00e2t p\u0103rin\u021bilor, c\u00e2t \u0219i medicilor, pentru a recunoa\u0219te \u0219i trata din timp apneea de somn \u0219i alte disfunc\u021bii. \u00cen acest fel, IOMFT contribuie la cre\u0219terea copiilor \u00eentr-un mediu propice dezvolt\u0103rii armonioase, evit\u00e2nd complica\u021biile de lung\u0103 durat\u0103 cauzate de problemele de respira\u021bie pe timpul nop\u021bii. Centrul organizeaz\u0103 cursuri, ateliere \u0219i sesiuni de instruire pentru a disemina informa\u021bii actuale \u0219i practici eficiente.<\/p>\n\n\n\n<h2 class=\"wp-block-heading\"><strong>Abordarea IOMFT<\/strong><\/h2>\n\n\n\n<p>IOMFT pune accent pe&nbsp;<strong>preven\u021bie<\/strong>&nbsp;\u0219i identificarea semnelor timpurii ale apneei de somn \u0219i ale altor disfunc\u021bii respiratorii. Echipa institutului colaboreaz\u0103 pentru a stabili un plan terapeutic personalizat, adaptat nevoilor fiec\u0103rui copil. Prin evalu\u0103ri complexe (care urm\u0103resc respira\u021bia, postura, istoricul medical \u0219i obiceiurile zilnice), speciali\u0219tii contureaz\u0103 harta complet\u0103 a pacientului \u0219i propun solu\u021bii integrate: de la terapia miofunc\u021bional\u0103 \u0219i ortodon\u021bie interceptiv\u0103, p\u00e2n\u0103 la igien\u0103 nazal\u0103 \u0219i educa\u021bie parental\u0103. Abordarea IOMFT se bazeaz\u0103 pe colaborarea dintre diferite ramuri medicale, av\u00e2nd ca obiectiv final o cre\u0219tere \u0219i dezvoltare echilibrat\u0103 a copiilor.<\/p>\n\n\n\n<h2 class=\"wp-block-heading\"><strong>Procedurile multidisciplinare<\/strong><\/h2>\n\n\n\n<p>\u00cen cazul copiilor cu apnee de somn, o singur\u0103 specialitate nu poate acoperi toate aspectele problemei. De aceea, IOMFT reune\u0219te exper\u021bi care s\u0103 colaboreze str\u00e2ns: ORL-i\u0219ti pentru probleme anatomice (polipi, amigdalite), ortodon\u021bi pentru corec\u021bia maxilarului \u0219i alinierea dentar\u0103, terapeu\u021bi miofunc\u021bionali pentru reeducarea respira\u021biei, kinetoterapeu\u021bi \u0219i osteopa\u021bi pentru optimizarea posturii \u0219i, nu \u00een ultimul r\u00e2nd, pediatri \u0219i consultan\u021bi \u00een lacta\u021bie care s\u0103 monitorizeze dezvoltarea copilului. Aceast\u0103 abordare global\u0103 \u0219i integrat\u0103 asigur\u0103 un tratament eficient \u0219i durabil, prevenind posibilele complica\u021bii \u0219i \u00eembun\u0103t\u0103\u021bind calitatea vie\u021bii copiilor cu apnee obstructiv\u0103 de somn.<\/p>\n\n\n\n<h2 class=\"wp-block-heading\"><strong>Ce ai de facut?<\/strong><\/h2>\n\n\n\n<p>Suntem al\u0103turi de fiecare p\u0103rinte \u0219i \u00een cadrul acestei platforme vei g\u0103si toate informa\u021biile \u0219i pa\u0219ii pe care \u00eei ai de parcurs pentru a rezolva problemele sau a forma deprinderile s\u0103n\u0103toase ale celui mic.<\/p>\n\n\n\n<p>Primul pas este s\u0103 r\u0103spunzi la <a href=\"https:\/\/www.iomft.ro\/index.php\/cele-10-semnale-de-alarma\/\">acest chestionar<\/a> \u0219i s\u0103 ne contactezi. <\/p>\n\n\n\n<p>\u00cen urma evalu\u0103rii r\u0103spunsurilor tale, te vom contactacta \u0219i \u00ee\u021bi vom prezenta observa\u021bile noastre \u0219i care sunt pa\u0219ii urm\u0103tori <\/p>\n\n\n\n<p><\/p>\n","protected":false},"excerpt":{"rendered":"<p>\u0218tia\u021bi c\u0103 un fren sublingual scurt (ankyloglosia) poate fi responsabil pentru dificult\u0103\u021bi de vorbire, malocluzie dentar\u0103 \u0219i probleme de degluti\u021bie? De\u0219i este adesea trecut cu vederea, acest detaliu anatomic joac\u0103&#8230;<\/p>\n","protected":false},"author":2,"featured_media":423,"comment_status":"open","ping_status":"open","sticky":false,"template":"","format":"standard","meta":{"_acf_changed":false,"footnotes":""},"categories":[25],"tags":[],"class_list":["post-422","post","type-post","status-publish","format-standard","has-post-thumbnail","hentry","category-fren-lingual"],"acf":[],"yoast_head":"<!-- This site is optimized with the Yoast SEO plugin v24.6 - https:\/\/yoast.com\/wordpress\/plugins\/seo\/ -->\n<title>Frenul lingual scurt \u2013 un detaliu ignorat care afecteaz\u0103 vorbirea, ocluzia \u0219i dezvoltarea copilului - Blog IOMFT<\/title>\n<meta name=\"description\" content=\"Ce este frenul lingual \u0219i cum afecteaz\u0103 dezvoltarea copilului \u0219i adultului. Simptome, efecte \u0219i metode de tratament moderne.\" \/>\n<meta name=\"robots\" content=\"noindex, follow, max-snippet:-1, max-image-preview:large, max-video-preview:-1\" \/>\n<meta property=\"og:locale\" content=\"en_US\" \/>\n<meta property=\"og:type\" content=\"article\" \/>\n<meta property=\"og:title\" content=\"Frenul lingual scurt \u2013 un detaliu ignorat care afecteaz\u0103 vorbirea, ocluzia \u0219i dezvoltarea copilului - Blog IOMFT\" \/>\n<meta property=\"og:description\" content=\"Ce este frenul lingual \u0219i cum afecteaz\u0103 dezvoltarea copilului \u0219i adultului. Simptome, efecte \u0219i metode de tratament moderne.\" \/>\n<meta property=\"og:url\" content=\"https:\/\/blog.iomft.ro\/index.php\/2025\/09\/15\/frenul-lingual-scurt-un-detaliu-ignorat-care-afecteaza-vorbirea-ocluzia-si-dezvoltarea-copilului\/\" \/>\n<meta property=\"og:site_name\" content=\"Blog IOMFT\" \/>\n<meta property=\"article:published_time\" content=\"2025-09-15T09:56:01+00:00\" \/>\n<meta property=\"article:modified_time\" content=\"2025-12-01T08:04:06+00:00\" \/>\n<meta property=\"og:image\" content=\"https:\/\/blog.iomft.ro\/wp-content\/uploads\/2025\/09\/fren-sublingual-1.png\" \/>\n\t<meta property=\"og:image:width\" content=\"1200\" \/>\n\t<meta property=\"og:image:height\" content=\"1200\" \/>\n\t<meta property=\"og:image:type\" content=\"image\/png\" \/>\n<meta name=\"author\" content=\"IOMFT\" \/>\n<meta name=\"twitter:card\" content=\"summary_large_image\" \/>\n<meta name=\"twitter:label1\" content=\"Written by\" \/>\n\t<meta name=\"twitter:data1\" content=\"IOMFT\" \/>\n\t<meta name=\"twitter:label2\" content=\"Est. reading time\" \/>\n\t<meta name=\"twitter:data2\" content=\"5 minutes\" \/>\n<script type=\"application\/ld+json\" class=\"yoast-schema-graph\">{\"@context\":\"https:\/\/schema.org\",\"@graph\":[{\"@type\":\"WebPage\",\"@id\":\"https:\/\/blog.iomft.ro\/index.php\/2025\/09\/15\/frenul-lingual-scurt-un-detaliu-ignorat-care-afecteaza-vorbirea-ocluzia-si-dezvoltarea-copilului\/\",\"url\":\"https:\/\/blog.iomft.ro\/index.php\/2025\/09\/15\/frenul-lingual-scurt-un-detaliu-ignorat-care-afecteaza-vorbirea-ocluzia-si-dezvoltarea-copilului\/\",\"name\":\"Frenul lingual scurt \u2013 un detaliu ignorat care afecteaz\u0103 vorbirea, ocluzia \u0219i dezvoltarea copilului - Blog IOMFT\",\"isPartOf\":{\"@id\":\"https:\/\/blog.iomft.ro\/#website\"},\"primaryImageOfPage\":{\"@id\":\"https:\/\/blog.iomft.ro\/index.php\/2025\/09\/15\/frenul-lingual-scurt-un-detaliu-ignorat-care-afecteaza-vorbirea-ocluzia-si-dezvoltarea-copilului\/#primaryimage\"},\"image\":{\"@id\":\"https:\/\/blog.iomft.ro\/index.php\/2025\/09\/15\/frenul-lingual-scurt-un-detaliu-ignorat-care-afecteaza-vorbirea-ocluzia-si-dezvoltarea-copilului\/#primaryimage\"},\"thumbnailUrl\":\"https:\/\/blog.iomft.ro\/wp-content\/uploads\/2025\/09\/fren-sublingual-1.png\",\"datePublished\":\"2025-09-15T09:56:01+00:00\",\"dateModified\":\"2025-12-01T08:04:06+00:00\",\"author\":{\"@id\":\"https:\/\/blog.iomft.ro\/#\/schema\/person\/882f06c5c17718c7210d2d7730331b90\"},\"description\":\"Ce este frenul lingual \u0219i cum afecteaz\u0103 dezvoltarea copilului \u0219i adultului. Simptome, efecte \u0219i metode de tratament moderne.\",\"breadcrumb\":{\"@id\":\"https:\/\/blog.iomft.ro\/index.php\/2025\/09\/15\/frenul-lingual-scurt-un-detaliu-ignorat-care-afecteaza-vorbirea-ocluzia-si-dezvoltarea-copilului\/#breadcrumb\"},\"inLanguage\":\"en-US\",\"potentialAction\":[{\"@type\":\"ReadAction\",\"target\":[\"https:\/\/blog.iomft.ro\/index.php\/2025\/09\/15\/frenul-lingual-scurt-un-detaliu-ignorat-care-afecteaza-vorbirea-ocluzia-si-dezvoltarea-copilului\/\"]}]},{\"@type\":\"ImageObject\",\"inLanguage\":\"en-US\",\"@id\":\"https:\/\/blog.iomft.ro\/index.php\/2025\/09\/15\/frenul-lingual-scurt-un-detaliu-ignorat-care-afecteaza-vorbirea-ocluzia-si-dezvoltarea-copilului\/#primaryimage\",\"url\":\"https:\/\/blog.iomft.ro\/wp-content\/uploads\/2025\/09\/fren-sublingual-1.png\",\"contentUrl\":\"https:\/\/blog.iomft.ro\/wp-content\/uploads\/2025\/09\/fren-sublingual-1.png\",\"width\":1200,\"height\":1200},{\"@type\":\"BreadcrumbList\",\"@id\":\"https:\/\/blog.iomft.ro\/index.php\/2025\/09\/15\/frenul-lingual-scurt-un-detaliu-ignorat-care-afecteaza-vorbirea-ocluzia-si-dezvoltarea-copilului\/#breadcrumb\",\"itemListElement\":[{\"@type\":\"ListItem\",\"position\":1,\"name\":\"Home\",\"item\":\"https:\/\/blog.iomft.ro\/\"},{\"@type\":\"ListItem\",\"position\":2,\"name\":\"Frenul lingual scurt \u2013 un detaliu ignorat care afecteaz\u0103 vorbirea, ocluzia \u0219i dezvoltarea copilului\"}]},{\"@type\":\"WebSite\",\"@id\":\"https:\/\/blog.iomft.ro\/#website\",\"url\":\"https:\/\/blog.iomft.ro\/\",\"name\":\"Blog IOMFT\",\"description\":\"\",\"potentialAction\":[{\"@type\":\"SearchAction\",\"target\":{\"@type\":\"EntryPoint\",\"urlTemplate\":\"https:\/\/blog.iomft.ro\/?s={search_term_string}\"},\"query-input\":{\"@type\":\"PropertyValueSpecification\",\"valueRequired\":true,\"valueName\":\"search_term_string\"}}],\"inLanguage\":\"en-US\"},{\"@type\":\"Person\",\"@id\":\"https:\/\/blog.iomft.ro\/#\/schema\/person\/882f06c5c17718c7210d2d7730331b90\",\"name\":\"IOMFT\",\"image\":{\"@type\":\"ImageObject\",\"inLanguage\":\"en-US\",\"@id\":\"https:\/\/blog.iomft.ro\/#\/schema\/person\/image\/\",\"url\":\"https:\/\/secure.gravatar.com\/avatar\/93e304fb662aa8d502d1ee15d4a7c38e94e42985f08f2852935544bb259713f2?s=96&d=mm&r=g\",\"contentUrl\":\"https:\/\/secure.gravatar.com\/avatar\/93e304fb662aa8d502d1ee15d4a7c38e94e42985f08f2852935544bb259713f2?s=96&d=mm&r=g\",\"caption\":\"IOMFT\"},\"url\":\"https:\/\/blog.iomft.ro\/index.php\/author\/mugur-patrascuscreennative-ro\/\"}]}<\/script>\n<!-- \/ Yoast SEO plugin. -->","yoast_head_json":{"title":"Frenul lingual scurt \u2013 un detaliu ignorat care afecteaz\u0103 vorbirea, ocluzia \u0219i dezvoltarea copilului - Blog IOMFT","description":"Ce este frenul lingual \u0219i cum afecteaz\u0103 dezvoltarea copilului \u0219i adultului. Simptome, efecte \u0219i metode de tratament moderne.","robots":{"index":"noindex","follow":"follow","max-snippet":"max-snippet:-1","max-image-preview":"max-image-preview:large","max-video-preview":"max-video-preview:-1"},"og_locale":"en_US","og_type":"article","og_title":"Frenul lingual scurt \u2013 un detaliu ignorat care afecteaz\u0103 vorbirea, ocluzia \u0219i dezvoltarea copilului - Blog IOMFT","og_description":"Ce este frenul lingual \u0219i cum afecteaz\u0103 dezvoltarea copilului \u0219i adultului. Simptome, efecte \u0219i metode de tratament moderne.","og_url":"https:\/\/blog.iomft.ro\/index.php\/2025\/09\/15\/frenul-lingual-scurt-un-detaliu-ignorat-care-afecteaza-vorbirea-ocluzia-si-dezvoltarea-copilului\/","og_site_name":"Blog IOMFT","article_published_time":"2025-09-15T09:56:01+00:00","article_modified_time":"2025-12-01T08:04:06+00:00","og_image":[{"width":1200,"height":1200,"url":"https:\/\/blog.iomft.ro\/wp-content\/uploads\/2025\/09\/fren-sublingual-1.png","type":"image\/png"}],"author":"IOMFT","twitter_card":"summary_large_image","twitter_misc":{"Written by":"IOMFT","Est. reading time":"5 minutes"},"schema":{"@context":"https:\/\/schema.org","@graph":[{"@type":"WebPage","@id":"https:\/\/blog.iomft.ro\/index.php\/2025\/09\/15\/frenul-lingual-scurt-un-detaliu-ignorat-care-afecteaza-vorbirea-ocluzia-si-dezvoltarea-copilului\/","url":"https:\/\/blog.iomft.ro\/index.php\/2025\/09\/15\/frenul-lingual-scurt-un-detaliu-ignorat-care-afecteaza-vorbirea-ocluzia-si-dezvoltarea-copilului\/","name":"Frenul lingual scurt \u2013 un detaliu ignorat care afecteaz\u0103 vorbirea, ocluzia \u0219i dezvoltarea copilului - Blog IOMFT","isPartOf":{"@id":"https:\/\/blog.iomft.ro\/#website"},"primaryImageOfPage":{"@id":"https:\/\/blog.iomft.ro\/index.php\/2025\/09\/15\/frenul-lingual-scurt-un-detaliu-ignorat-care-afecteaza-vorbirea-ocluzia-si-dezvoltarea-copilului\/#primaryimage"},"image":{"@id":"https:\/\/blog.iomft.ro\/index.php\/2025\/09\/15\/frenul-lingual-scurt-un-detaliu-ignorat-care-afecteaza-vorbirea-ocluzia-si-dezvoltarea-copilului\/#primaryimage"},"thumbnailUrl":"https:\/\/blog.iomft.ro\/wp-content\/uploads\/2025\/09\/fren-sublingual-1.png","datePublished":"2025-09-15T09:56:01+00:00","dateModified":"2025-12-01T08:04:06+00:00","author":{"@id":"https:\/\/blog.iomft.ro\/#\/schema\/person\/882f06c5c17718c7210d2d7730331b90"},"description":"Ce este frenul lingual \u0219i cum afecteaz\u0103 dezvoltarea copilului \u0219i adultului. Simptome, efecte \u0219i metode de tratament moderne.","breadcrumb":{"@id":"https:\/\/blog.iomft.ro\/index.php\/2025\/09\/15\/frenul-lingual-scurt-un-detaliu-ignorat-care-afecteaza-vorbirea-ocluzia-si-dezvoltarea-copilului\/#breadcrumb"},"inLanguage":"en-US","potentialAction":[{"@type":"ReadAction","target":["https:\/\/blog.iomft.ro\/index.php\/2025\/09\/15\/frenul-lingual-scurt-un-detaliu-ignorat-care-afecteaza-vorbirea-ocluzia-si-dezvoltarea-copilului\/"]}]},{"@type":"ImageObject","inLanguage":"en-US","@id":"https:\/\/blog.iomft.ro\/index.php\/2025\/09\/15\/frenul-lingual-scurt-un-detaliu-ignorat-care-afecteaza-vorbirea-ocluzia-si-dezvoltarea-copilului\/#primaryimage","url":"https:\/\/blog.iomft.ro\/wp-content\/uploads\/2025\/09\/fren-sublingual-1.png","contentUrl":"https:\/\/blog.iomft.ro\/wp-content\/uploads\/2025\/09\/fren-sublingual-1.png","width":1200,"height":1200},{"@type":"BreadcrumbList","@id":"https:\/\/blog.iomft.ro\/index.php\/2025\/09\/15\/frenul-lingual-scurt-un-detaliu-ignorat-care-afecteaza-vorbirea-ocluzia-si-dezvoltarea-copilului\/#breadcrumb","itemListElement":[{"@type":"ListItem","position":1,"name":"Home","item":"https:\/\/blog.iomft.ro\/"},{"@type":"ListItem","position":2,"name":"Frenul lingual scurt \u2013 un detaliu ignorat care afecteaz\u0103 vorbirea, ocluzia \u0219i dezvoltarea copilului"}]},{"@type":"WebSite","@id":"https:\/\/blog.iomft.ro\/#website","url":"https:\/\/blog.iomft.ro\/","name":"Blog IOMFT","description":"","potentialAction":[{"@type":"SearchAction","target":{"@type":"EntryPoint","urlTemplate":"https:\/\/blog.iomft.ro\/?s={search_term_string}"},"query-input":{"@type":"PropertyValueSpecification","valueRequired":true,"valueName":"search_term_string"}}],"inLanguage":"en-US"},{"@type":"Person","@id":"https:\/\/blog.iomft.ro\/#\/schema\/person\/882f06c5c17718c7210d2d7730331b90","name":"IOMFT","image":{"@type":"ImageObject","inLanguage":"en-US","@id":"https:\/\/blog.iomft.ro\/#\/schema\/person\/image\/","url":"https:\/\/secure.gravatar.com\/avatar\/93e304fb662aa8d502d1ee15d4a7c38e94e42985f08f2852935544bb259713f2?s=96&d=mm&r=g","contentUrl":"https:\/\/secure.gravatar.com\/avatar\/93e304fb662aa8d502d1ee15d4a7c38e94e42985f08f2852935544bb259713f2?s=96&d=mm&r=g","caption":"IOMFT"},"url":"https:\/\/blog.iomft.ro\/index.php\/author\/mugur-patrascuscreennative-ro\/"}]}},"_links":{"self":[{"href":"https:\/\/blog.iomft.ro\/index.php\/wp-json\/wp\/v2\/posts\/422","targetHints":{"allow":["GET"]}}],"collection":[{"href":"https:\/\/blog.iomft.ro\/index.php\/wp-json\/wp\/v2\/posts"}],"about":[{"href":"https:\/\/blog.iomft.ro\/index.php\/wp-json\/wp\/v2\/types\/post"}],"author":[{"embeddable":true,"href":"https:\/\/blog.iomft.ro\/index.php\/wp-json\/wp\/v2\/users\/2"}],"replies":[{"embeddable":true,"href":"https:\/\/blog.iomft.ro\/index.php\/wp-json\/wp\/v2\/comments?post=422"}],"version-history":[{"count":2,"href":"https:\/\/blog.iomft.ro\/index.php\/wp-json\/wp\/v2\/posts\/422\/revisions"}],"predecessor-version":[{"id":451,"href":"https:\/\/blog.iomft.ro\/index.php\/wp-json\/wp\/v2\/posts\/422\/revisions\/451"}],"wp:featuredmedia":[{"embeddable":true,"href":"https:\/\/blog.iomft.ro\/index.php\/wp-json\/wp\/v2\/media\/423"}],"wp:attachment":[{"href":"https:\/\/blog.iomft.ro\/index.php\/wp-json\/wp\/v2\/media?parent=422"}],"wp:term":[{"taxonomy":"category","embeddable":true,"href":"https:\/\/blog.iomft.ro\/index.php\/wp-json\/wp\/v2\/categories?post=422"},{"taxonomy":"post_tag","embeddable":true,"href":"https:\/\/blog.iomft.ro\/index.php\/wp-json\/wp\/v2\/tags?post=422"}],"curies":[{"name":"wp","href":"https:\/\/api.w.org\/{rel}","templated":true}]}}