{"id":428,"date":"2025-09-15T10:47:40","date_gmt":"2025-09-15T10:47:40","guid":{"rendered":"https:\/\/blog.iomft.ro\/?p=428"},"modified":"2025-12-01T08:03:27","modified_gmt":"2025-12-01T08:03:27","slug":"frenectomia-nu-este-suficienta-de-ce-taierea-frenului-fara-terapie-poate-esua","status":"publish","type":"post","link":"https:\/\/blog.iomft.ro\/index.php\/2025\/09\/15\/frenectomia-nu-este-suficienta-de-ce-taierea-frenului-fara-terapie-poate-esua\/","title":{"rendered":"Frenectomia nu este suficient\u0103: De ce t\u0103ierea frenului f\u0103r\u0103 terapie poate e\u0219ua?"},"content":{"rendered":"\n<h2 class=\"wp-block-heading\"><strong>De ce vorbim tot mai des despre frenectomie?<\/strong><\/h2>\n\n\n\n<p>Frenectomia lingual\u0103 \u2014 interven\u021bia prin care se taie frenul sublingual atunci c\u00e2nd acesta restric\u021bioneaz\u0103 mi\u0219carea limbii \u2014 a devenit tot mai frecvent\u0103, \u00een special la copii. Este asociat\u0103 cu probleme de al\u0103ptare, vorbire, mastica\u021bie, respira\u021bie oral\u0103, tulbur\u0103ri de somn \u0219i chiar modific\u0103ri ale posturii corporale. Cu toate acestea, t\u0103ierea frenului nu este, \u00een sine, un tratament complet. <a href=\"https:\/\/blog.iomft.ro\/index.php\/2025\/09\/15\/frenul-lingual-scurt-un-detaliu-ignorat-care-afecteaza-vorbirea-ocluzia-si-dezvoltarea-copilului\/\">Afl\u0103 aici <\/a>care sunt informa\u021biile de baz\u0103 legate de frenul lingual.<br><\/p>\n\n\n\n<figure class=\"wp-block-gallery has-nested-images columns-default is-cropped wp-block-gallery-1 is-layout-flex wp-block-gallery-is-layout-flex\">\n<figure class=\"wp-block-image size-large\"><img loading=\"lazy\" decoding=\"async\" width=\"900\" height=\"900\" data-id=\"431\" src=\"https:\/\/blog.iomft.ro\/wp-content\/uploads\/2025\/09\/fren-4-900x900.png\" alt=\"\" class=\"wp-image-431\" srcset=\"https:\/\/blog.iomft.ro\/wp-content\/uploads\/2025\/09\/fren-4-900x900.png 900w, https:\/\/blog.iomft.ro\/wp-content\/uploads\/2025\/09\/fren-4-510x510.png 510w, https:\/\/blog.iomft.ro\/wp-content\/uploads\/2025\/09\/fren-4-150x150.png 150w, https:\/\/blog.iomft.ro\/wp-content\/uploads\/2025\/09\/fren-4-768x768.png 768w, https:\/\/blog.iomft.ro\/wp-content\/uploads\/2025\/09\/fren-4.png 1200w\" sizes=\"auto, (max-width: 900px) 100vw, 900px\" \/><\/figure>\n<\/figure>\n\n\n\n<h2 class=\"wp-block-heading\"><strong>Frenul este doar v\u00e2rful icebergului<\/strong><\/h2>\n\n\n\n<p>\u00cen spatele unui fren scurt (ankyloglossie) se ascund adesea:<\/p>\n\n\n\n<ul class=\"wp-block-list\">\n<li>obiceiuri vicioase (respira\u021bie oral\u0103, \u00eenghi\u021bire atipic\u0103),<br><\/li>\n\n\n\n<li>lipsa tonusului muscular lingual,<br><\/li>\n\n\n\n<li>compens\u0103ri musculare (\u00een zona g\u00e2tului, umerilor, mandibulei),<br><\/li>\n\n\n\n<li>dezvoltare craniofacial\u0103 afectat\u0103.<br><\/li>\n<\/ul>\n\n\n\n<p>Doar sec\u021bionarea frenului, f\u0103r\u0103 evaluare func\u021bional\u0103 \u0219i f\u0103r\u0103 reeducare, las\u0103 \u00een urm\u0103 aceste probleme. Pe termen lung, pot ap\u0103rea recidive, cicatrici restrictive, dificult\u0103\u021bi de adaptare \u0219i lipsa rezultatelor scontate.<\/p>\n\n\n\n<figure class=\"wp-block-gallery has-nested-images columns-default is-cropped wp-block-gallery-2 is-layout-flex wp-block-gallery-is-layout-flex\">\n<figure class=\"wp-block-image size-large\"><img loading=\"lazy\" decoding=\"async\" width=\"900\" height=\"900\" data-id=\"433\" src=\"https:\/\/blog.iomft.ro\/wp-content\/uploads\/2025\/09\/fren-5-900x900.png\" alt=\"\" class=\"wp-image-433\" srcset=\"https:\/\/blog.iomft.ro\/wp-content\/uploads\/2025\/09\/fren-5-900x900.png 900w, https:\/\/blog.iomft.ro\/wp-content\/uploads\/2025\/09\/fren-5-510x510.png 510w, https:\/\/blog.iomft.ro\/wp-content\/uploads\/2025\/09\/fren-5-150x150.png 150w, https:\/\/blog.iomft.ro\/wp-content\/uploads\/2025\/09\/fren-5-768x768.png 768w, https:\/\/blog.iomft.ro\/wp-content\/uploads\/2025\/09\/fren-5.png 1200w\" sizes=\"auto, (max-width: 900px) 100vw, 900px\" \/><\/figure>\n<\/figure>\n\n\n\n<h2 class=\"wp-block-heading\"><strong>Ce ne spune \u0219tiin\u021ba: un protocol complet schimb\u0103 rezultatul<\/strong><\/h2>\n\n\n\n<p>Unul dintre cele mai mari studii din domeniu, publicat de <em>Zaghi et al.<\/em> \u00een <em>Laryngoscope Investigative Otolaryngology<\/em>, a analizat <strong>348 de cazuri<\/strong> de frenectomie efectuate \u00eempreun\u0103 cu terapie miofunc\u021bional\u0103. Rezultatele au fost remarcabile:<\/p>\n\n\n\n<ul class=\"wp-block-list\">\n<li><strong>91% rat\u0103 de satisfac\u021bie<\/strong>;<br><\/li>\n\n\n\n<li><strong>87% \u00eembun\u0103t\u0103\u021bire a calit\u0103\u021bii vie\u021bii<\/strong>, inclusiv \u00een:<br>\n<ul class=\"wp-block-list\">\n<li>respira\u021bie nazal\u0103 (78%),<br><\/li>\n\n\n\n<li>sfor\u0103it (73%),<br><\/li>\n\n\n\n<li>dureri musculare miofasciale (77%),<br><\/li>\n\n\n\n<li>bruxism (91%).<br><\/li>\n<\/ul>\n<\/li>\n<\/ul>\n\n\n\n<p>Cei care au urmat doar t\u0103ierea frenului, f\u0103r\u0103 preg\u0103tire \u0219i f\u0103r\u0103 reeducare, au prezentat <strong>rate mai mari de complica\u021bii<\/strong>, dureri, recidive \u0219i nevoia de revizie chirurgical\u0103.<\/p>\n\n\n\n<h2 class=\"wp-block-heading\"><strong>Ce presupune un protocol corect?<\/strong><\/h2>\n\n\n\n<ol class=\"wp-block-list\">\n<li><strong>Evaluare func\u021bional\u0103 preoperatorie<\/strong> \u2013 nu doar forma frenului conteaz\u0103, ci \u0219i func\u021bia limbii, compens\u0103rile \u0219i respira\u021bia.<br><\/li>\n\n\n\n<li><strong>Terapie miofunc\u021bional\u0103 preoperatorie<\/strong> \u2013 preg\u0103te\u0219te mu\u0219chii limbii \u0219i ai fe\u021bei pentru mi\u0219c\u0103rile postoperatorii corecte.<br><\/li>\n\n\n\n<li><strong>Interven\u021bia chirurgical\u0103 adaptat\u0103<\/strong> \u2013 nu doar o t\u0103ietur\u0103 de suprafa\u021b\u0103, ci o eliberare profund\u0103, ghidat\u0103 de func\u021bie.<br><\/li>\n<\/ol>\n\n\n\n<p><strong>Terapie postoperatorie personalizat\u0103<\/strong> \u2013 pentru a preveni cicatrizarea restrictiv\u0103, a forma noi tipare musculare \u0219i a fixa beneficiile.<\/p>\n\n\n\n<h2 class=\"wp-block-heading\"><strong>De ce e\u0219ueaz\u0103 t\u0103ierea simpl\u0103 a frenului?<\/strong><\/h2>\n\n\n\n<p>Pentru c\u0103 limba nu a \u00eenv\u0103\u021bat niciodat\u0103 <strong>cum<\/strong> s\u0103 se mi\u0219te corect. F\u0103r\u0103 exerci\u021bii, ea revine \u00een pozi\u021bia gre\u0219it\u0103. F\u0103r\u0103 reeducare, r\u0103nile pot cicatriza inadecvat. F\u0103r\u0103 abordare func\u021bional\u0103, problema revine \u2013 uneori mai grav\u0103 dec\u00e2t \u00eenainte.<\/p>\n\n\n\n<figure class=\"wp-block-gallery has-nested-images columns-default is-cropped wp-block-gallery-3 is-layout-flex wp-block-gallery-is-layout-flex\">\n<figure class=\"wp-block-image size-large\"><img loading=\"lazy\" decoding=\"async\" width=\"900\" height=\"532\" data-id=\"447\" src=\"https:\/\/blog.iomft.ro\/wp-content\/uploads\/2025\/09\/poze-canva-11-900x532.png\" alt=\"\" class=\"wp-image-447\" srcset=\"https:\/\/blog.iomft.ro\/wp-content\/uploads\/2025\/09\/poze-canva-11-900x532.png 900w, https:\/\/blog.iomft.ro\/wp-content\/uploads\/2025\/09\/poze-canva-11-510x301.png 510w, https:\/\/blog.iomft.ro\/wp-content\/uploads\/2025\/09\/poze-canva-11-768x454.png 768w, https:\/\/blog.iomft.ro\/wp-content\/uploads\/2025\/09\/poze-canva-11-1536x908.png 1536w, https:\/\/blog.iomft.ro\/wp-content\/uploads\/2025\/09\/poze-canva-11-2048x1211.png 2048w\" sizes=\"auto, (max-width: 900px) 100vw, 900px\" \/><\/figure>\n<\/figure>\n\n\n\n<h2 class=\"wp-block-heading\"><strong>Concluzie: Tai, dar \u0219i \u00eenve\u021bi s\u0103 folose\u0219ti<\/strong><\/h2>\n\n\n\n<p>Frenectomia este doar <strong>o parte<\/strong> a tratamentului. Pentru a reda adev\u0103rata libertate limbii \u2014 adic\u0103 respira\u021bie corect\u0103, \u00eenghi\u021bire fiziologic\u0103, vorbire clar\u0103, somn lini\u0219tit \u2014 e nevoie de un <strong>protocol complet<\/strong> care \u00eembin\u0103 evaluarea, interven\u021bia \u0219i reeducarea. Doar a\u0219a putem transforma o simpl\u0103 procedur\u0103 \u00eentr-o solu\u021bie real\u0103 de s\u0103n\u0103tate.<\/p>\n\n\n\n<h2 class=\"wp-block-heading\">Despre noi <\/h2>\n\n\n\n<h2 class=\"wp-block-heading\"><strong>Ce este IOMFT?<\/strong><\/h2>\n\n\n\n<p><strong>IOMFT (Institutul de Ortoposturologie \u0219i Terapie Orofacial\u0103 Miofunc\u021bional\u0103 din Rom\u00e2nia)<\/strong>&nbsp;este un centru interdisciplinar dedicat preven\u021biei \u0219i tratamentului tulbur\u0103rilor respiratorii \u0219i miofunc\u021bionale la copii. Prin reunirea speciali\u0219tilor din domenii precum ORL, ortodon\u021bie, terapie miofunc\u021bional\u0103, logopedie, pediatrie, kinetoterapie \u0219i osteopatie, IOMFT promoveaz\u0103 o abordare integrat\u0103 a s\u0103n\u0103t\u0103\u021bii copilului.<br>Scopul principal al institutului este de a oferi solu\u021bii \u0219i educa\u021bie, at\u00e2t p\u0103rin\u021bilor, c\u00e2t \u0219i medicilor, pentru a recunoa\u0219te \u0219i trata din timp apneea de somn \u0219i alte disfunc\u021bii. \u00cen acest fel, IOMFT contribuie la cre\u0219terea copiilor \u00eentr-un mediu propice dezvolt\u0103rii armonioase, evit\u00e2nd complica\u021biile de lung\u0103 durat\u0103 cauzate de problemele de respira\u021bie pe timpul nop\u021bii. Centrul organizeaz\u0103 cursuri, ateliere \u0219i sesiuni de instruire pentru a disemina informa\u021bii actuale \u0219i practici eficiente.<\/p>\n\n\n\n<h2 class=\"wp-block-heading\"><strong>Abordarea IOMFT<\/strong><\/h2>\n\n\n\n<p>IOMFT pune accent pe&nbsp;<strong>preven\u021bie<\/strong>&nbsp;\u0219i identificarea semnelor timpurii ale apneei de somn \u0219i ale altor disfunc\u021bii respiratorii. Echipa institutului colaboreaz\u0103 pentru a stabili un plan terapeutic personalizat, adaptat nevoilor fiec\u0103rui copil. Prin evalu\u0103ri complexe (care urm\u0103resc respira\u021bia, postura, istoricul medical \u0219i obiceiurile zilnice), speciali\u0219tii contureaz\u0103 harta complet\u0103 a pacientului \u0219i propun solu\u021bii integrate: de la terapia miofunc\u021bional\u0103 \u0219i ortodon\u021bie interceptiv\u0103, p\u00e2n\u0103 la igien\u0103 nazal\u0103 \u0219i educa\u021bie parental\u0103. Abordarea IOMFT se bazeaz\u0103 pe colaborarea dintre diferite ramuri medicale, av\u00e2nd ca obiectiv final o cre\u0219tere \u0219i dezvoltare echilibrat\u0103 a copiilor.<\/p>\n\n\n\n<h2 class=\"wp-block-heading\"><strong>Procedurile multidisciplinare<\/strong><\/h2>\n\n\n\n<p>\u00cen cazul copiilor cu apnee de somn, o singur\u0103 specialitate nu poate acoperi toate aspectele problemei. De aceea, IOMFT reune\u0219te exper\u021bi care s\u0103 colaboreze str\u00e2ns: ORL-i\u0219ti pentru probleme anatomice (polipi, amigdalite), ortodon\u021bi pentru corec\u021bia maxilarului \u0219i alinierea dentar\u0103, terapeu\u021bi miofunc\u021bionali pentru reeducarea respira\u021biei, kinetoterapeu\u021bi \u0219i osteopa\u021bi pentru optimizarea posturii \u0219i, nu \u00een ultimul r\u00e2nd, pediatri \u0219i consultan\u021bi \u00een lacta\u021bie care s\u0103 monitorizeze dezvoltarea copilului. Aceast\u0103 abordare global\u0103 \u0219i integrat\u0103 asigur\u0103 un tratament eficient \u0219i durabil, prevenind posibilele complica\u021bii \u0219i \u00eembun\u0103t\u0103\u021bind calitatea vie\u021bii copiilor cu apnee obstructiv\u0103 de somn.<\/p>\n\n\n\n<h2 class=\"wp-block-heading\"><strong>Ce ai de facut?<\/strong><\/h2>\n\n\n\n<p>Suntem al\u0103turi de fiecare p\u0103rinte \u0219i \u00een cadrul acestei platforme vei g\u0103si toate informa\u021biile \u0219i pa\u0219ii pe care \u00eei ai de parcurs pentru a rezolva problemele sau a forma deprinderile s\u0103n\u0103toase ale celui mic.<\/p>\n\n\n\n<p>Primul pas este s\u0103 verifici <a href=\"https:\/\/www.iomft.ro\/index.php\/cele-10-semnale-de-alarma\/\">acest chestionar<\/a> \u0219i s\u0103 ne contactezi. <\/p>\n\n\n\n<p>\u00cen urma evalu\u0103rii r\u0103spunsurilor tale, te vom contactacta \u0219i \u00ee\u021bi vom prezenta observa\u021bile noastre \u0219i care sunt pa\u0219ii urm\u0103tori<\/p>\n\n\n\n<p><\/p>\n","protected":false},"excerpt":{"rendered":"<p>De ce vorbim tot mai des despre frenectomie? Frenectomia lingual\u0103 \u2014 interven\u021bia prin care se taie frenul sublingual atunci c\u00e2nd acesta restric\u021bioneaz\u0103 mi\u0219carea limbii \u2014 a devenit tot mai frecvent\u0103,&#8230;<\/p>\n","protected":false},"author":2,"featured_media":431,"comment_status":"open","ping_status":"open","sticky":false,"template":"","format":"standard","meta":{"_acf_changed":false,"footnotes":""},"categories":[25],"tags":[],"class_list":["post-428","post","type-post","status-publish","format-standard","has-post-thumbnail","hentry","category-fren-lingual"],"acf":[],"yoast_head":"<!-- This site is optimized with the Yoast SEO plugin v24.6 - https:\/\/yoast.com\/wordpress\/plugins\/seo\/ -->\n<title>Frenectomia nu este suficient\u0103: De ce t\u0103ierea frenului f\u0103r\u0103 terapie poate e\u0219ua? - Blog IOMFT<\/title>\n<meta name=\"robots\" content=\"noindex, follow, max-snippet:-1, max-image-preview:large, max-video-preview:-1\" \/>\n<meta property=\"og:locale\" content=\"en_US\" \/>\n<meta property=\"og:type\" content=\"article\" \/>\n<meta property=\"og:title\" content=\"Frenectomia nu este suficient\u0103: De ce t\u0103ierea frenului f\u0103r\u0103 terapie poate e\u0219ua? - Blog IOMFT\" \/>\n<meta property=\"og:description\" content=\"De ce vorbim tot mai des despre frenectomie? Frenectomia lingual\u0103 \u2014 interven\u021bia prin care se taie frenul sublingual atunci c\u00e2nd acesta restric\u021bioneaz\u0103 mi\u0219carea limbii \u2014 a devenit tot mai frecvent\u0103,...\" \/>\n<meta property=\"og:url\" content=\"https:\/\/blog.iomft.ro\/index.php\/2025\/09\/15\/frenectomia-nu-este-suficienta-de-ce-taierea-frenului-fara-terapie-poate-esua\/\" \/>\n<meta property=\"og:site_name\" content=\"Blog IOMFT\" \/>\n<meta property=\"article:published_time\" content=\"2025-09-15T10:47:40+00:00\" \/>\n<meta property=\"article:modified_time\" content=\"2025-12-01T08:03:27+00:00\" \/>\n<meta property=\"og:image\" content=\"https:\/\/blog.iomft.ro\/wp-content\/uploads\/2025\/09\/fren-4.png\" \/>\n\t<meta property=\"og:image:width\" content=\"1200\" \/>\n\t<meta property=\"og:image:height\" content=\"1200\" \/>\n\t<meta property=\"og:image:type\" content=\"image\/png\" \/>\n<meta name=\"author\" content=\"IOMFT\" \/>\n<meta name=\"twitter:card\" content=\"summary_large_image\" \/>\n<meta name=\"twitter:label1\" content=\"Written by\" \/>\n\t<meta name=\"twitter:data1\" content=\"IOMFT\" \/>\n\t<meta name=\"twitter:label2\" content=\"Est. reading time\" \/>\n\t<meta name=\"twitter:data2\" content=\"4 minutes\" \/>\n<script type=\"application\/ld+json\" class=\"yoast-schema-graph\">{\"@context\":\"https:\/\/schema.org\",\"@graph\":[{\"@type\":\"WebPage\",\"@id\":\"https:\/\/blog.iomft.ro\/index.php\/2025\/09\/15\/frenectomia-nu-este-suficienta-de-ce-taierea-frenului-fara-terapie-poate-esua\/\",\"url\":\"https:\/\/blog.iomft.ro\/index.php\/2025\/09\/15\/frenectomia-nu-este-suficienta-de-ce-taierea-frenului-fara-terapie-poate-esua\/\",\"name\":\"Frenectomia nu este suficient\u0103: De ce t\u0103ierea frenului f\u0103r\u0103 terapie poate e\u0219ua? - Blog IOMFT\",\"isPartOf\":{\"@id\":\"https:\/\/blog.iomft.ro\/#website\"},\"primaryImageOfPage\":{\"@id\":\"https:\/\/blog.iomft.ro\/index.php\/2025\/09\/15\/frenectomia-nu-este-suficienta-de-ce-taierea-frenului-fara-terapie-poate-esua\/#primaryimage\"},\"image\":{\"@id\":\"https:\/\/blog.iomft.ro\/index.php\/2025\/09\/15\/frenectomia-nu-este-suficienta-de-ce-taierea-frenului-fara-terapie-poate-esua\/#primaryimage\"},\"thumbnailUrl\":\"https:\/\/blog.iomft.ro\/wp-content\/uploads\/2025\/09\/fren-4.png\",\"datePublished\":\"2025-09-15T10:47:40+00:00\",\"dateModified\":\"2025-12-01T08:03:27+00:00\",\"author\":{\"@id\":\"https:\/\/blog.iomft.ro\/#\/schema\/person\/882f06c5c17718c7210d2d7730331b90\"},\"breadcrumb\":{\"@id\":\"https:\/\/blog.iomft.ro\/index.php\/2025\/09\/15\/frenectomia-nu-este-suficienta-de-ce-taierea-frenului-fara-terapie-poate-esua\/#breadcrumb\"},\"inLanguage\":\"en-US\",\"potentialAction\":[{\"@type\":\"ReadAction\",\"target\":[\"https:\/\/blog.iomft.ro\/index.php\/2025\/09\/15\/frenectomia-nu-este-suficienta-de-ce-taierea-frenului-fara-terapie-poate-esua\/\"]}]},{\"@type\":\"ImageObject\",\"inLanguage\":\"en-US\",\"@id\":\"https:\/\/blog.iomft.ro\/index.php\/2025\/09\/15\/frenectomia-nu-este-suficienta-de-ce-taierea-frenului-fara-terapie-poate-esua\/#primaryimage\",\"url\":\"https:\/\/blog.iomft.ro\/wp-content\/uploads\/2025\/09\/fren-4.png\",\"contentUrl\":\"https:\/\/blog.iomft.ro\/wp-content\/uploads\/2025\/09\/fren-4.png\",\"width\":1200,\"height\":1200},{\"@type\":\"BreadcrumbList\",\"@id\":\"https:\/\/blog.iomft.ro\/index.php\/2025\/09\/15\/frenectomia-nu-este-suficienta-de-ce-taierea-frenului-fara-terapie-poate-esua\/#breadcrumb\",\"itemListElement\":[{\"@type\":\"ListItem\",\"position\":1,\"name\":\"Home\",\"item\":\"https:\/\/blog.iomft.ro\/\"},{\"@type\":\"ListItem\",\"position\":2,\"name\":\"Frenectomia nu este suficient\u0103: De ce t\u0103ierea frenului f\u0103r\u0103 terapie poate e\u0219ua?\"}]},{\"@type\":\"WebSite\",\"@id\":\"https:\/\/blog.iomft.ro\/#website\",\"url\":\"https:\/\/blog.iomft.ro\/\",\"name\":\"Blog IOMFT\",\"description\":\"\",\"potentialAction\":[{\"@type\":\"SearchAction\",\"target\":{\"@type\":\"EntryPoint\",\"urlTemplate\":\"https:\/\/blog.iomft.ro\/?s={search_term_string}\"},\"query-input\":{\"@type\":\"PropertyValueSpecification\",\"valueRequired\":true,\"valueName\":\"search_term_string\"}}],\"inLanguage\":\"en-US\"},{\"@type\":\"Person\",\"@id\":\"https:\/\/blog.iomft.ro\/#\/schema\/person\/882f06c5c17718c7210d2d7730331b90\",\"name\":\"IOMFT\",\"image\":{\"@type\":\"ImageObject\",\"inLanguage\":\"en-US\",\"@id\":\"https:\/\/blog.iomft.ro\/#\/schema\/person\/image\/\",\"url\":\"https:\/\/secure.gravatar.com\/avatar\/93e304fb662aa8d502d1ee15d4a7c38e94e42985f08f2852935544bb259713f2?s=96&d=mm&r=g\",\"contentUrl\":\"https:\/\/secure.gravatar.com\/avatar\/93e304fb662aa8d502d1ee15d4a7c38e94e42985f08f2852935544bb259713f2?s=96&d=mm&r=g\",\"caption\":\"IOMFT\"},\"url\":\"https:\/\/blog.iomft.ro\/index.php\/author\/mugur-patrascuscreennative-ro\/\"}]}<\/script>\n<!-- \/ Yoast SEO plugin. -->","yoast_head_json":{"title":"Frenectomia nu este suficient\u0103: De ce t\u0103ierea frenului f\u0103r\u0103 terapie poate e\u0219ua? - Blog IOMFT","robots":{"index":"noindex","follow":"follow","max-snippet":"max-snippet:-1","max-image-preview":"max-image-preview:large","max-video-preview":"max-video-preview:-1"},"og_locale":"en_US","og_type":"article","og_title":"Frenectomia nu este suficient\u0103: De ce t\u0103ierea frenului f\u0103r\u0103 terapie poate e\u0219ua? - Blog IOMFT","og_description":"De ce vorbim tot mai des despre frenectomie? Frenectomia lingual\u0103 \u2014 interven\u021bia prin care se taie frenul sublingual atunci c\u00e2nd acesta restric\u021bioneaz\u0103 mi\u0219carea limbii \u2014 a devenit tot mai frecvent\u0103,...","og_url":"https:\/\/blog.iomft.ro\/index.php\/2025\/09\/15\/frenectomia-nu-este-suficienta-de-ce-taierea-frenului-fara-terapie-poate-esua\/","og_site_name":"Blog IOMFT","article_published_time":"2025-09-15T10:47:40+00:00","article_modified_time":"2025-12-01T08:03:27+00:00","og_image":[{"width":1200,"height":1200,"url":"https:\/\/blog.iomft.ro\/wp-content\/uploads\/2025\/09\/fren-4.png","type":"image\/png"}],"author":"IOMFT","twitter_card":"summary_large_image","twitter_misc":{"Written by":"IOMFT","Est. reading time":"4 minutes"},"schema":{"@context":"https:\/\/schema.org","@graph":[{"@type":"WebPage","@id":"https:\/\/blog.iomft.ro\/index.php\/2025\/09\/15\/frenectomia-nu-este-suficienta-de-ce-taierea-frenului-fara-terapie-poate-esua\/","url":"https:\/\/blog.iomft.ro\/index.php\/2025\/09\/15\/frenectomia-nu-este-suficienta-de-ce-taierea-frenului-fara-terapie-poate-esua\/","name":"Frenectomia nu este suficient\u0103: De ce t\u0103ierea frenului f\u0103r\u0103 terapie poate e\u0219ua? - Blog IOMFT","isPartOf":{"@id":"https:\/\/blog.iomft.ro\/#website"},"primaryImageOfPage":{"@id":"https:\/\/blog.iomft.ro\/index.php\/2025\/09\/15\/frenectomia-nu-este-suficienta-de-ce-taierea-frenului-fara-terapie-poate-esua\/#primaryimage"},"image":{"@id":"https:\/\/blog.iomft.ro\/index.php\/2025\/09\/15\/frenectomia-nu-este-suficienta-de-ce-taierea-frenului-fara-terapie-poate-esua\/#primaryimage"},"thumbnailUrl":"https:\/\/blog.iomft.ro\/wp-content\/uploads\/2025\/09\/fren-4.png","datePublished":"2025-09-15T10:47:40+00:00","dateModified":"2025-12-01T08:03:27+00:00","author":{"@id":"https:\/\/blog.iomft.ro\/#\/schema\/person\/882f06c5c17718c7210d2d7730331b90"},"breadcrumb":{"@id":"https:\/\/blog.iomft.ro\/index.php\/2025\/09\/15\/frenectomia-nu-este-suficienta-de-ce-taierea-frenului-fara-terapie-poate-esua\/#breadcrumb"},"inLanguage":"en-US","potentialAction":[{"@type":"ReadAction","target":["https:\/\/blog.iomft.ro\/index.php\/2025\/09\/15\/frenectomia-nu-este-suficienta-de-ce-taierea-frenului-fara-terapie-poate-esua\/"]}]},{"@type":"ImageObject","inLanguage":"en-US","@id":"https:\/\/blog.iomft.ro\/index.php\/2025\/09\/15\/frenectomia-nu-este-suficienta-de-ce-taierea-frenului-fara-terapie-poate-esua\/#primaryimage","url":"https:\/\/blog.iomft.ro\/wp-content\/uploads\/2025\/09\/fren-4.png","contentUrl":"https:\/\/blog.iomft.ro\/wp-content\/uploads\/2025\/09\/fren-4.png","width":1200,"height":1200},{"@type":"BreadcrumbList","@id":"https:\/\/blog.iomft.ro\/index.php\/2025\/09\/15\/frenectomia-nu-este-suficienta-de-ce-taierea-frenului-fara-terapie-poate-esua\/#breadcrumb","itemListElement":[{"@type":"ListItem","position":1,"name":"Home","item":"https:\/\/blog.iomft.ro\/"},{"@type":"ListItem","position":2,"name":"Frenectomia nu este suficient\u0103: De ce t\u0103ierea frenului f\u0103r\u0103 terapie poate e\u0219ua?"}]},{"@type":"WebSite","@id":"https:\/\/blog.iomft.ro\/#website","url":"https:\/\/blog.iomft.ro\/","name":"Blog IOMFT","description":"","potentialAction":[{"@type":"SearchAction","target":{"@type":"EntryPoint","urlTemplate":"https:\/\/blog.iomft.ro\/?s={search_term_string}"},"query-input":{"@type":"PropertyValueSpecification","valueRequired":true,"valueName":"search_term_string"}}],"inLanguage":"en-US"},{"@type":"Person","@id":"https:\/\/blog.iomft.ro\/#\/schema\/person\/882f06c5c17718c7210d2d7730331b90","name":"IOMFT","image":{"@type":"ImageObject","inLanguage":"en-US","@id":"https:\/\/blog.iomft.ro\/#\/schema\/person\/image\/","url":"https:\/\/secure.gravatar.com\/avatar\/93e304fb662aa8d502d1ee15d4a7c38e94e42985f08f2852935544bb259713f2?s=96&d=mm&r=g","contentUrl":"https:\/\/secure.gravatar.com\/avatar\/93e304fb662aa8d502d1ee15d4a7c38e94e42985f08f2852935544bb259713f2?s=96&d=mm&r=g","caption":"IOMFT"},"url":"https:\/\/blog.iomft.ro\/index.php\/author\/mugur-patrascuscreennative-ro\/"}]}},"_links":{"self":[{"href":"https:\/\/blog.iomft.ro\/index.php\/wp-json\/wp\/v2\/posts\/428","targetHints":{"allow":["GET"]}}],"collection":[{"href":"https:\/\/blog.iomft.ro\/index.php\/wp-json\/wp\/v2\/posts"}],"about":[{"href":"https:\/\/blog.iomft.ro\/index.php\/wp-json\/wp\/v2\/types\/post"}],"author":[{"embeddable":true,"href":"https:\/\/blog.iomft.ro\/index.php\/wp-json\/wp\/v2\/users\/2"}],"replies":[{"embeddable":true,"href":"https:\/\/blog.iomft.ro\/index.php\/wp-json\/wp\/v2\/comments?post=428"}],"version-history":[{"count":4,"href":"https:\/\/blog.iomft.ro\/index.php\/wp-json\/wp\/v2\/posts\/428\/revisions"}],"predecessor-version":[{"id":450,"href":"https:\/\/blog.iomft.ro\/index.php\/wp-json\/wp\/v2\/posts\/428\/revisions\/450"}],"wp:featuredmedia":[{"embeddable":true,"href":"https:\/\/blog.iomft.ro\/index.php\/wp-json\/wp\/v2\/media\/431"}],"wp:attachment":[{"href":"https:\/\/blog.iomft.ro\/index.php\/wp-json\/wp\/v2\/media?parent=428"}],"wp:term":[{"taxonomy":"category","embeddable":true,"href":"https:\/\/blog.iomft.ro\/index.php\/wp-json\/wp\/v2\/categories?post=428"},{"taxonomy":"post_tag","embeddable":true,"href":"https:\/\/blog.iomft.ro\/index.php\/wp-json\/wp\/v2\/tags?post=428"}],"curies":[{"name":"wp","href":"https:\/\/api.w.org\/{rel}","templated":true}]}}