{"id":438,"date":"2025-09-15T11:39:08","date_gmt":"2025-09-15T11:39:08","guid":{"rendered":"https:\/\/blog.iomft.ro\/?p=438"},"modified":"2025-12-01T08:01:58","modified_gmt":"2025-12-01T08:01:58","slug":"frenul-restrictiv-cum-afecteaza-limbajul-alaptarea-inghitirea-si-dezvoltarea-maxilarului","status":"publish","type":"post","link":"https:\/\/blog.iomft.ro\/index.php\/2025\/09\/15\/frenul-restrictiv-cum-afecteaza-limbajul-alaptarea-inghitirea-si-dezvoltarea-maxilarului\/","title":{"rendered":"Frenul restrictiv: cum afecteaz\u0103 limbajul, al\u0103ptarea, \u00eenghi\u021birea \u0219i dezvoltarea maxilarului?"},"content":{"rendered":"\n<h2 class=\"wp-block-heading\">Ce este frenul lingual restrictiv?<\/h2>\n\n\n\n<p>Un <strong><a href=\"https:\/\/blog.iomft.ro\/index.php\/2025\/09\/15\/frenul-lingual-scurt-un-detaliu-ignorat-care-afecteaza-vorbirea-ocluzia-si-dezvoltarea-copilului\/\">fren lingual restrictiv<\/a><\/strong> \u2014 adic\u0103 o bucat\u0103 de \u021besut prea scurt\u0103 sau groas\u0103 sub limb\u0103 \u2014 poate p\u0103rea un detaliu minor la na\u0219tere. Dar acest mic obstacol are <strong>efecte majore<\/strong> asupra s\u0103n\u0103t\u0103\u021bii copilului, \u00eencep\u00e2nd cu primele zile de via\u021b\u0103.<\/p>\n\n\n\n<p>Prezen\u021ba acestui \u021besut nu trebuie ignorat\u0103 deoarece are implica\u021bii semnificative \u00een toate perioadele de cre\u0219tere ale copilului. \u00cenl\u0103turarea c\u00e2t mai rapid\u0103 a acestuia \u0219i re\u00eenv\u0103\u021barea mi\u0219c\u0103rilor limbii, realizate c\u00e2t mai devreme \u00een evolu\u021bia copilului ne scap\u0103 de foarte multe probleme conexe legate de dezvoltarea s\u0103n\u0103toas\u0103 a acestuia.<br><\/p>\n\n\n\n<figure class=\"wp-block-gallery has-nested-images columns-default is-cropped wp-block-gallery-1 is-layout-flex wp-block-gallery-is-layout-flex\">\n<figure class=\"wp-block-image size-large\"><img loading=\"lazy\" decoding=\"async\" width=\"900\" height=\"900\" data-id=\"439\" src=\"https:\/\/blog.iomft.ro\/wp-content\/uploads\/2025\/09\/fren-5-1-900x900.png\" alt=\"\" class=\"wp-image-439\" srcset=\"https:\/\/blog.iomft.ro\/wp-content\/uploads\/2025\/09\/fren-5-1-900x900.png 900w, https:\/\/blog.iomft.ro\/wp-content\/uploads\/2025\/09\/fren-5-1-510x510.png 510w, https:\/\/blog.iomft.ro\/wp-content\/uploads\/2025\/09\/fren-5-1-150x150.png 150w, https:\/\/blog.iomft.ro\/wp-content\/uploads\/2025\/09\/fren-5-1-768x768.png 768w, https:\/\/blog.iomft.ro\/wp-content\/uploads\/2025\/09\/fren-5-1.png 1200w\" sizes=\"auto, (max-width: 900px) 100vw, 900px\" \/><\/figure>\n<\/figure>\n\n\n\n<h2 class=\"wp-block-heading\"><strong>\u00cen perioada neonatal<\/strong>\u0103<\/h2>\n\n\n\n<p>\u00cen perioada neonatal\u0103, frenul restrictiv poate provoca:<\/p>\n\n\n\n<ul class=\"wp-block-list\">\n<li>dificult\u0103\u021bi de ata\u0219are la s\u00e2n,<br><\/li>\n\n\n\n<li>al\u0103ptare dureroas\u0103 pentru mam\u0103,<br><\/li>\n\n\n\n<li>e\u0219ec \u00een cre\u0219terea \u00een greutate a bebelu\u0219ului.<\/li>\n<\/ul>\n\n\n\n<h1 class=\"wp-block-heading\"><strong>\u00cen perioada copil\u0103riei<\/strong> <\/h1>\n\n\n\n<p>Mai t\u00e2rziu, copilul poate \u00eent\u00e2mpina dificult\u0103\u021bi de:<\/p>\n\n\n\n<ul class=\"wp-block-list\">\n<li>articulare corect\u0103 a sunetelor,<br><\/li>\n\n\n\n<li>mestecare eficient\u0103,<br><\/li>\n\n\n\n<li>\u00eenghi\u021bire corect\u0103 (f\u0103r\u0103 impuls compensator bucal sau cervical),<br><\/li>\n\n\n\n<li>pozi\u021bionare corect\u0103 a limbii \u00een repaus (pe palat).<\/li>\n<\/ul>\n\n\n\n<p><\/p>\n\n\n\n<figure class=\"wp-block-gallery has-nested-images columns-default is-cropped wp-block-gallery-2 is-layout-flex wp-block-gallery-is-layout-flex\">\n<figure class=\"wp-block-image size-large\"><img loading=\"lazy\" decoding=\"async\" width=\"400\" height=\"400\" data-id=\"440\" src=\"https:\/\/blog.iomft.ro\/wp-content\/uploads\/2025\/09\/bebelus-cu-fren-scurt.jpg\" alt=\"\" class=\"wp-image-440\" srcset=\"https:\/\/blog.iomft.ro\/wp-content\/uploads\/2025\/09\/bebelus-cu-fren-scurt.jpg 400w, https:\/\/blog.iomft.ro\/wp-content\/uploads\/2025\/09\/bebelus-cu-fren-scurt-150x150.jpg 150w\" sizes=\"auto, (max-width: 400px) 100vw, 400px\" \/><figcaption class=\"wp-element-caption\">Fren lingual scurt<\/figcaption><\/figure>\n<\/figure>\n\n\n\n<h1 class=\"wp-block-heading\"><strong>\u00cen concluzie<\/strong><\/h1>\n\n\n\n<p>Toate aceste func\u021bii afectate au impact direct asupra <strong>dezvolt\u0103rii maxilarului superior<\/strong>, care r\u0103m\u00e2ne \u00eengust dac\u0103 limba nu exercit\u0103 presiune asupra palatului. De aici pornesc probleme ortodontice majore: <strong>din\u021bi \u00eenghesui\u021bi, respira\u021bie oral\u0103, mu\u0219c\u0103tur\u0103 incorect\u0103<\/strong>.<\/p>\n\n\n\n<p>Frenul restrictiv este u\u0219or de trecut cu vederea \u2014 pentru c\u0103 mul\u021bi copii \u201ecompenseaz\u0103\u201d cu musculatura fe\u021bei sau g\u00e2tului. Dar aceste compens\u0103ri nu \u00eenseamn\u0103 c\u0103 func\u021bia este normal\u0103. Din contr\u0103, pot duce la <strong>postur\u0103 incorect\u0103, tensiuni cronice, tulbur\u0103ri de somn \u0219i oboseal\u0103<\/strong>.<\/p>\n\n\n\n<p>Evaluarea frenului trebuie f\u0103cut\u0103 de un specialist instruit \u00een miofunc\u021bionalitate, nu doar vizual, ci prin testarea mi\u0219c\u0103rilor limbii, suptului \u0219i \u00eenghi\u021birii. \u00cen unele cazuri, <strong><a href=\"https:\/\/blog.iomft.ro\/index.php\/2025\/09\/15\/frenectomia-nu-este-suficienta-de-ce-taierea-frenului-fara-terapie-poate-esua\/\">frenectomia<\/a><\/strong> (t\u0103ierea frenului) este indicat\u0103, dar <strong><a href=\"https:\/\/blog.iomft.ro\/index.php\/2025\/09\/15\/exercitii-pre-si-post-frenectomie-de-ce-taierea-frenului-nu-este-de-ajuns\/\">doar ca parte a unui protocol complet<\/a><\/strong>, cu exerci\u021bii pre \u0219i postoperatorii.<\/p>\n\n\n\n<figure class=\"wp-block-gallery has-nested-images columns-default is-cropped wp-block-gallery-3 is-layout-flex wp-block-gallery-is-layout-flex\">\n<figure class=\"wp-block-image size-large\"><img loading=\"lazy\" decoding=\"async\" width=\"900\" height=\"532\" data-id=\"447\" src=\"https:\/\/blog.iomft.ro\/wp-content\/uploads\/2025\/09\/poze-canva-11-900x532.png\" alt=\"\" class=\"wp-image-447\" srcset=\"https:\/\/blog.iomft.ro\/wp-content\/uploads\/2025\/09\/poze-canva-11-900x532.png 900w, https:\/\/blog.iomft.ro\/wp-content\/uploads\/2025\/09\/poze-canva-11-510x301.png 510w, https:\/\/blog.iomft.ro\/wp-content\/uploads\/2025\/09\/poze-canva-11-768x454.png 768w, https:\/\/blog.iomft.ro\/wp-content\/uploads\/2025\/09\/poze-canva-11-1536x908.png 1536w, https:\/\/blog.iomft.ro\/wp-content\/uploads\/2025\/09\/poze-canva-11-2048x1211.png 2048w\" sizes=\"auto, (max-width: 900px) 100vw, 900px\" \/><\/figure>\n<\/figure>\n\n\n\n<h2 class=\"wp-block-heading\"><strong>Ce este IOMFT?<\/strong><\/h2>\n\n\n\n<p><strong>IOMFT (Institutul de Ortoposturologie \u0219i Terapie Orofacial\u0103 Miofunc\u021bional\u0103 din Rom\u00e2nia)<\/strong>&nbsp;este un centru interdisciplinar dedicat preven\u021biei \u0219i tratamentului tulbur\u0103rilor respiratorii \u0219i miofunc\u021bionale la copii. Prin reunirea speciali\u0219tilor din domenii precum ORL, ortodon\u021bie, terapie miofunc\u021bional\u0103, logopedie, pediatrie, kinetoterapie \u0219i osteopatie, IOMFT promoveaz\u0103 o abordare integrat\u0103 a s\u0103n\u0103t\u0103\u021bii copilului.<br>Scopul principal al institutului este de a oferi solu\u021bii \u0219i educa\u021bie, at\u00e2t p\u0103rin\u021bilor, c\u00e2t \u0219i medicilor, pentru a recunoa\u0219te \u0219i trata din timp apneea de somn \u0219i alte disfunc\u021bii. \u00cen acest fel, IOMFT contribuie la cre\u0219terea copiilor \u00eentr-un mediu propice dezvolt\u0103rii armonioase, evit\u00e2nd complica\u021biile de lung\u0103 durat\u0103 cauzate de problemele de respira\u021bie pe timpul nop\u021bii. Centrul organizeaz\u0103 cursuri, ateliere \u0219i sesiuni de instruire pentru a disemina informa\u021bii actuale \u0219i practici eficiente.<\/p>\n\n\n\n<h2 class=\"wp-block-heading\"><strong>Abordarea IOMFT<\/strong><\/h2>\n\n\n\n<p>IOMFT pune accent pe&nbsp;<strong>preven\u021bie<\/strong>&nbsp;\u0219i identificarea semnelor timpurii ale apneei de somn \u0219i ale altor disfunc\u021bii respiratorii. Echipa institutului colaboreaz\u0103 pentru a stabili un plan terapeutic personalizat, adaptat nevoilor fiec\u0103rui copil. Prin evalu\u0103ri complexe (care urm\u0103resc respira\u021bia, postura, istoricul medical \u0219i obiceiurile zilnice), speciali\u0219tii contureaz\u0103 harta complet\u0103 a pacientului \u0219i propun solu\u021bii integrate: de la terapia miofunc\u021bional\u0103 \u0219i ortodon\u021bie interceptiv\u0103, p\u00e2n\u0103 la igien\u0103 nazal\u0103 \u0219i educa\u021bie parental\u0103. Abordarea IOMFT se bazeaz\u0103 pe colaborarea dintre diferite ramuri medicale, av\u00e2nd ca obiectiv final o cre\u0219tere \u0219i dezvoltare echilibrat\u0103 a copiilor.<\/p>\n\n\n\n<h2 class=\"wp-block-heading\"><strong>Ce ai de facut?<\/strong><\/h2>\n\n\n\n<p>Suntem al\u0103turi de fiecare p\u0103rinte \u0219i \u00een cadrul acestei platforme vei g\u0103si toate informa\u021biile \u0219i pa\u0219ii pe care \u00eei ai de parcurs pentru a rezolva problemele sau a forma deprinderile s\u0103n\u0103toase ale celui mic.<\/p>\n\n\n\n<p>Primul pas este s\u0103 verifici <a href=\"https:\/\/www.iomft.ro\/index.php\/cele-10-semnale-de-alarma\/\">acest chestionar<\/a> \u0219i s\u0103 ne contactezi.<\/p>\n\n\n\n<p>\u00cen urma evalu\u0103rii r\u0103spunsurilor tale, te vom contactacta \u0219i \u00ee\u021bi vom prezenta observa\u021bile noastre \u0219i care sunt pa\u0219ii urm\u0103tori<\/p>\n\n\n\n<p><\/p>\n","protected":false},"excerpt":{"rendered":"<p>Ce este frenul lingual restrictiv? Un fren lingual restrictiv \u2014 adic\u0103 o bucat\u0103 de \u021besut prea scurt\u0103 sau groas\u0103 sub limb\u0103 \u2014 poate p\u0103rea un detaliu minor la na\u0219tere. Dar&#8230;<\/p>\n","protected":false},"author":2,"featured_media":439,"comment_status":"open","ping_status":"open","sticky":false,"template":"","format":"standard","meta":{"_acf_changed":false,"footnotes":""},"categories":[25],"tags":[],"class_list":["post-438","post","type-post","status-publish","format-standard","has-post-thumbnail","hentry","category-fren-lingual"],"acf":[],"yoast_head":"<!-- This site is optimized with the Yoast SEO plugin v24.6 - https:\/\/yoast.com\/wordpress\/plugins\/seo\/ -->\n<title>Frenul restrictiv: cum afecteaz\u0103 limbajul, al\u0103ptarea, \u00eenghi\u021birea \u0219i dezvoltarea maxilarului? - Blog IOMFT<\/title>\n<meta name=\"description\" content=\"Efectele frenului restrictiv sublingual asupra evolu\u021biei sugarului \u0219i copilului \u0219i necesitatea \u00eenl\u0103tur\u0103rii acestuia.\" \/>\n<meta name=\"robots\" content=\"noindex, follow, max-snippet:-1, max-image-preview:large, max-video-preview:-1\" \/>\n<meta property=\"og:locale\" content=\"en_US\" \/>\n<meta property=\"og:type\" content=\"article\" \/>\n<meta property=\"og:title\" content=\"Frenul restrictiv: cum afecteaz\u0103 limbajul, al\u0103ptarea, \u00eenghi\u021birea \u0219i dezvoltarea maxilarului? - Blog IOMFT\" \/>\n<meta property=\"og:description\" content=\"Efectele frenului restrictiv sublingual asupra evolu\u021biei sugarului \u0219i copilului \u0219i necesitatea \u00eenl\u0103tur\u0103rii acestuia.\" \/>\n<meta property=\"og:url\" content=\"https:\/\/blog.iomft.ro\/index.php\/2025\/09\/15\/frenul-restrictiv-cum-afecteaza-limbajul-alaptarea-inghitirea-si-dezvoltarea-maxilarului\/\" \/>\n<meta property=\"og:site_name\" content=\"Blog IOMFT\" \/>\n<meta property=\"article:published_time\" content=\"2025-09-15T11:39:08+00:00\" \/>\n<meta property=\"article:modified_time\" content=\"2025-12-01T08:01:58+00:00\" \/>\n<meta property=\"og:image\" content=\"https:\/\/blog.iomft.ro\/wp-content\/uploads\/2025\/09\/fren-5-1.png\" \/>\n\t<meta property=\"og:image:width\" content=\"1200\" \/>\n\t<meta property=\"og:image:height\" content=\"1200\" \/>\n\t<meta property=\"og:image:type\" content=\"image\/png\" \/>\n<meta name=\"author\" content=\"IOMFT\" \/>\n<meta name=\"twitter:card\" content=\"summary_large_image\" \/>\n<meta name=\"twitter:label1\" content=\"Written by\" \/>\n\t<meta name=\"twitter:data1\" content=\"IOMFT\" \/>\n\t<meta name=\"twitter:label2\" content=\"Est. reading time\" \/>\n\t<meta name=\"twitter:data2\" content=\"4 minutes\" \/>\n<script type=\"application\/ld+json\" class=\"yoast-schema-graph\">{\"@context\":\"https:\/\/schema.org\",\"@graph\":[{\"@type\":\"WebPage\",\"@id\":\"https:\/\/blog.iomft.ro\/index.php\/2025\/09\/15\/frenul-restrictiv-cum-afecteaza-limbajul-alaptarea-inghitirea-si-dezvoltarea-maxilarului\/\",\"url\":\"https:\/\/blog.iomft.ro\/index.php\/2025\/09\/15\/frenul-restrictiv-cum-afecteaza-limbajul-alaptarea-inghitirea-si-dezvoltarea-maxilarului\/\",\"name\":\"Frenul restrictiv: cum afecteaz\u0103 limbajul, al\u0103ptarea, \u00eenghi\u021birea \u0219i dezvoltarea maxilarului? - Blog IOMFT\",\"isPartOf\":{\"@id\":\"https:\/\/blog.iomft.ro\/#website\"},\"primaryImageOfPage\":{\"@id\":\"https:\/\/blog.iomft.ro\/index.php\/2025\/09\/15\/frenul-restrictiv-cum-afecteaza-limbajul-alaptarea-inghitirea-si-dezvoltarea-maxilarului\/#primaryimage\"},\"image\":{\"@id\":\"https:\/\/blog.iomft.ro\/index.php\/2025\/09\/15\/frenul-restrictiv-cum-afecteaza-limbajul-alaptarea-inghitirea-si-dezvoltarea-maxilarului\/#primaryimage\"},\"thumbnailUrl\":\"https:\/\/blog.iomft.ro\/wp-content\/uploads\/2025\/09\/fren-5-1.png\",\"datePublished\":\"2025-09-15T11:39:08+00:00\",\"dateModified\":\"2025-12-01T08:01:58+00:00\",\"author\":{\"@id\":\"https:\/\/blog.iomft.ro\/#\/schema\/person\/882f06c5c17718c7210d2d7730331b90\"},\"description\":\"Efectele frenului restrictiv sublingual asupra evolu\u021biei sugarului \u0219i copilului \u0219i necesitatea \u00eenl\u0103tur\u0103rii acestuia.\",\"breadcrumb\":{\"@id\":\"https:\/\/blog.iomft.ro\/index.php\/2025\/09\/15\/frenul-restrictiv-cum-afecteaza-limbajul-alaptarea-inghitirea-si-dezvoltarea-maxilarului\/#breadcrumb\"},\"inLanguage\":\"en-US\",\"potentialAction\":[{\"@type\":\"ReadAction\",\"target\":[\"https:\/\/blog.iomft.ro\/index.php\/2025\/09\/15\/frenul-restrictiv-cum-afecteaza-limbajul-alaptarea-inghitirea-si-dezvoltarea-maxilarului\/\"]}]},{\"@type\":\"ImageObject\",\"inLanguage\":\"en-US\",\"@id\":\"https:\/\/blog.iomft.ro\/index.php\/2025\/09\/15\/frenul-restrictiv-cum-afecteaza-limbajul-alaptarea-inghitirea-si-dezvoltarea-maxilarului\/#primaryimage\",\"url\":\"https:\/\/blog.iomft.ro\/wp-content\/uploads\/2025\/09\/fren-5-1.png\",\"contentUrl\":\"https:\/\/blog.iomft.ro\/wp-content\/uploads\/2025\/09\/fren-5-1.png\",\"width\":1200,\"height\":1200},{\"@type\":\"BreadcrumbList\",\"@id\":\"https:\/\/blog.iomft.ro\/index.php\/2025\/09\/15\/frenul-restrictiv-cum-afecteaza-limbajul-alaptarea-inghitirea-si-dezvoltarea-maxilarului\/#breadcrumb\",\"itemListElement\":[{\"@type\":\"ListItem\",\"position\":1,\"name\":\"Home\",\"item\":\"https:\/\/blog.iomft.ro\/\"},{\"@type\":\"ListItem\",\"position\":2,\"name\":\"Frenul restrictiv: cum afecteaz\u0103 limbajul, al\u0103ptarea, \u00eenghi\u021birea \u0219i dezvoltarea maxilarului?\"}]},{\"@type\":\"WebSite\",\"@id\":\"https:\/\/blog.iomft.ro\/#website\",\"url\":\"https:\/\/blog.iomft.ro\/\",\"name\":\"Blog IOMFT\",\"description\":\"\",\"potentialAction\":[{\"@type\":\"SearchAction\",\"target\":{\"@type\":\"EntryPoint\",\"urlTemplate\":\"https:\/\/blog.iomft.ro\/?s={search_term_string}\"},\"query-input\":{\"@type\":\"PropertyValueSpecification\",\"valueRequired\":true,\"valueName\":\"search_term_string\"}}],\"inLanguage\":\"en-US\"},{\"@type\":\"Person\",\"@id\":\"https:\/\/blog.iomft.ro\/#\/schema\/person\/882f06c5c17718c7210d2d7730331b90\",\"name\":\"IOMFT\",\"image\":{\"@type\":\"ImageObject\",\"inLanguage\":\"en-US\",\"@id\":\"https:\/\/blog.iomft.ro\/#\/schema\/person\/image\/\",\"url\":\"https:\/\/secure.gravatar.com\/avatar\/93e304fb662aa8d502d1ee15d4a7c38e94e42985f08f2852935544bb259713f2?s=96&d=mm&r=g\",\"contentUrl\":\"https:\/\/secure.gravatar.com\/avatar\/93e304fb662aa8d502d1ee15d4a7c38e94e42985f08f2852935544bb259713f2?s=96&d=mm&r=g\",\"caption\":\"IOMFT\"},\"url\":\"https:\/\/blog.iomft.ro\/index.php\/author\/mugur-patrascuscreennative-ro\/\"}]}<\/script>\n<!-- \/ Yoast SEO plugin. -->","yoast_head_json":{"title":"Frenul restrictiv: cum afecteaz\u0103 limbajul, al\u0103ptarea, \u00eenghi\u021birea \u0219i dezvoltarea maxilarului? - Blog IOMFT","description":"Efectele frenului restrictiv sublingual asupra evolu\u021biei sugarului \u0219i copilului \u0219i necesitatea \u00eenl\u0103tur\u0103rii acestuia.","robots":{"index":"noindex","follow":"follow","max-snippet":"max-snippet:-1","max-image-preview":"max-image-preview:large","max-video-preview":"max-video-preview:-1"},"og_locale":"en_US","og_type":"article","og_title":"Frenul restrictiv: cum afecteaz\u0103 limbajul, al\u0103ptarea, \u00eenghi\u021birea \u0219i dezvoltarea maxilarului? - Blog IOMFT","og_description":"Efectele frenului restrictiv sublingual asupra evolu\u021biei sugarului \u0219i copilului \u0219i necesitatea \u00eenl\u0103tur\u0103rii acestuia.","og_url":"https:\/\/blog.iomft.ro\/index.php\/2025\/09\/15\/frenul-restrictiv-cum-afecteaza-limbajul-alaptarea-inghitirea-si-dezvoltarea-maxilarului\/","og_site_name":"Blog IOMFT","article_published_time":"2025-09-15T11:39:08+00:00","article_modified_time":"2025-12-01T08:01:58+00:00","og_image":[{"width":1200,"height":1200,"url":"https:\/\/blog.iomft.ro\/wp-content\/uploads\/2025\/09\/fren-5-1.png","type":"image\/png"}],"author":"IOMFT","twitter_card":"summary_large_image","twitter_misc":{"Written by":"IOMFT","Est. reading time":"4 minutes"},"schema":{"@context":"https:\/\/schema.org","@graph":[{"@type":"WebPage","@id":"https:\/\/blog.iomft.ro\/index.php\/2025\/09\/15\/frenul-restrictiv-cum-afecteaza-limbajul-alaptarea-inghitirea-si-dezvoltarea-maxilarului\/","url":"https:\/\/blog.iomft.ro\/index.php\/2025\/09\/15\/frenul-restrictiv-cum-afecteaza-limbajul-alaptarea-inghitirea-si-dezvoltarea-maxilarului\/","name":"Frenul restrictiv: cum afecteaz\u0103 limbajul, al\u0103ptarea, \u00eenghi\u021birea \u0219i dezvoltarea maxilarului? - Blog IOMFT","isPartOf":{"@id":"https:\/\/blog.iomft.ro\/#website"},"primaryImageOfPage":{"@id":"https:\/\/blog.iomft.ro\/index.php\/2025\/09\/15\/frenul-restrictiv-cum-afecteaza-limbajul-alaptarea-inghitirea-si-dezvoltarea-maxilarului\/#primaryimage"},"image":{"@id":"https:\/\/blog.iomft.ro\/index.php\/2025\/09\/15\/frenul-restrictiv-cum-afecteaza-limbajul-alaptarea-inghitirea-si-dezvoltarea-maxilarului\/#primaryimage"},"thumbnailUrl":"https:\/\/blog.iomft.ro\/wp-content\/uploads\/2025\/09\/fren-5-1.png","datePublished":"2025-09-15T11:39:08+00:00","dateModified":"2025-12-01T08:01:58+00:00","author":{"@id":"https:\/\/blog.iomft.ro\/#\/schema\/person\/882f06c5c17718c7210d2d7730331b90"},"description":"Efectele frenului restrictiv sublingual asupra evolu\u021biei sugarului \u0219i copilului \u0219i necesitatea \u00eenl\u0103tur\u0103rii acestuia.","breadcrumb":{"@id":"https:\/\/blog.iomft.ro\/index.php\/2025\/09\/15\/frenul-restrictiv-cum-afecteaza-limbajul-alaptarea-inghitirea-si-dezvoltarea-maxilarului\/#breadcrumb"},"inLanguage":"en-US","potentialAction":[{"@type":"ReadAction","target":["https:\/\/blog.iomft.ro\/index.php\/2025\/09\/15\/frenul-restrictiv-cum-afecteaza-limbajul-alaptarea-inghitirea-si-dezvoltarea-maxilarului\/"]}]},{"@type":"ImageObject","inLanguage":"en-US","@id":"https:\/\/blog.iomft.ro\/index.php\/2025\/09\/15\/frenul-restrictiv-cum-afecteaza-limbajul-alaptarea-inghitirea-si-dezvoltarea-maxilarului\/#primaryimage","url":"https:\/\/blog.iomft.ro\/wp-content\/uploads\/2025\/09\/fren-5-1.png","contentUrl":"https:\/\/blog.iomft.ro\/wp-content\/uploads\/2025\/09\/fren-5-1.png","width":1200,"height":1200},{"@type":"BreadcrumbList","@id":"https:\/\/blog.iomft.ro\/index.php\/2025\/09\/15\/frenul-restrictiv-cum-afecteaza-limbajul-alaptarea-inghitirea-si-dezvoltarea-maxilarului\/#breadcrumb","itemListElement":[{"@type":"ListItem","position":1,"name":"Home","item":"https:\/\/blog.iomft.ro\/"},{"@type":"ListItem","position":2,"name":"Frenul restrictiv: cum afecteaz\u0103 limbajul, al\u0103ptarea, \u00eenghi\u021birea \u0219i dezvoltarea maxilarului?"}]},{"@type":"WebSite","@id":"https:\/\/blog.iomft.ro\/#website","url":"https:\/\/blog.iomft.ro\/","name":"Blog IOMFT","description":"","potentialAction":[{"@type":"SearchAction","target":{"@type":"EntryPoint","urlTemplate":"https:\/\/blog.iomft.ro\/?s={search_term_string}"},"query-input":{"@type":"PropertyValueSpecification","valueRequired":true,"valueName":"search_term_string"}}],"inLanguage":"en-US"},{"@type":"Person","@id":"https:\/\/blog.iomft.ro\/#\/schema\/person\/882f06c5c17718c7210d2d7730331b90","name":"IOMFT","image":{"@type":"ImageObject","inLanguage":"en-US","@id":"https:\/\/blog.iomft.ro\/#\/schema\/person\/image\/","url":"https:\/\/secure.gravatar.com\/avatar\/93e304fb662aa8d502d1ee15d4a7c38e94e42985f08f2852935544bb259713f2?s=96&d=mm&r=g","contentUrl":"https:\/\/secure.gravatar.com\/avatar\/93e304fb662aa8d502d1ee15d4a7c38e94e42985f08f2852935544bb259713f2?s=96&d=mm&r=g","caption":"IOMFT"},"url":"https:\/\/blog.iomft.ro\/index.php\/author\/mugur-patrascuscreennative-ro\/"}]}},"_links":{"self":[{"href":"https:\/\/blog.iomft.ro\/index.php\/wp-json\/wp\/v2\/posts\/438","targetHints":{"allow":["GET"]}}],"collection":[{"href":"https:\/\/blog.iomft.ro\/index.php\/wp-json\/wp\/v2\/posts"}],"about":[{"href":"https:\/\/blog.iomft.ro\/index.php\/wp-json\/wp\/v2\/types\/post"}],"author":[{"embeddable":true,"href":"https:\/\/blog.iomft.ro\/index.php\/wp-json\/wp\/v2\/users\/2"}],"replies":[{"embeddable":true,"href":"https:\/\/blog.iomft.ro\/index.php\/wp-json\/wp\/v2\/comments?post=438"}],"version-history":[{"count":2,"href":"https:\/\/blog.iomft.ro\/index.php\/wp-json\/wp\/v2\/posts\/438\/revisions"}],"predecessor-version":[{"id":448,"href":"https:\/\/blog.iomft.ro\/index.php\/wp-json\/wp\/v2\/posts\/438\/revisions\/448"}],"wp:featuredmedia":[{"embeddable":true,"href":"https:\/\/blog.iomft.ro\/index.php\/wp-json\/wp\/v2\/media\/439"}],"wp:attachment":[{"href":"https:\/\/blog.iomft.ro\/index.php\/wp-json\/wp\/v2\/media?parent=438"}],"wp:term":[{"taxonomy":"category","embeddable":true,"href":"https:\/\/blog.iomft.ro\/index.php\/wp-json\/wp\/v2\/categories?post=438"},{"taxonomy":"post_tag","embeddable":true,"href":"https:\/\/blog.iomft.ro\/index.php\/wp-json\/wp\/v2\/tags?post=438"}],"curies":[{"name":"wp","href":"https:\/\/api.w.org\/{rel}","templated":true}]}}